{"id":6092,"date":"2025-10-14T12:29:43","date_gmt":"2025-10-14T10:29:43","guid":{"rendered":"https:\/\/www.ptmyk.pl\/?p=6092"},"modified":"2025-10-14T12:29:57","modified_gmt":"2025-10-14T10:29:57","slug":"relacja-z-xi-sesji-terenowej-sekcji-roznorodnosc-i-ochrona-grzybow-polskiego-towarzystwa-mykologicznego-w-puszczy-kozienickiej","status":"publish","type":"post","link":"https:\/\/www.ptmyk.pl\/?p=6092","title":{"rendered":"Relacja z XI Sesji Terenowej Sekcji R\u00f3\u017cnorodno\u015b\u0107 i Ochrona Grzyb\u00f3w Polskiego Towarzystwa Mykologicznego w Puszczy Kozienickiej"},"content":{"rendered":"\n<p>W dniach od 7 do 13 wrze\u015bnia br. odby\u0142a si\u0119 XI sesja terenowa Sekcji R\u00f3\u017cnorodno\u015b\u0107 i Ochrona Grzyb\u00f3w Polskiego Towarzystwa Mykologicznego. Podczas sesji eksplorowali\u015bmy tereny Le\u015bnego Kompleksu Promocyjnego \u201ePuszcza Kozienicka\u201d, obj\u0119tego tak\u017ce licznymi formami ochrony przyrody takimi jak: Kozienicki Park Krajobrazowy, specjalny obszar ochrony siedlisk Natura 2000 \u201ePuszcza Kozienicka\u201d oraz specjalny obszar ochrony ptak\u00f3w Natura 2000 \u201eOstoja Kozienicka\u201d. Sesja by\u0142a wsp\u00f3\u0142organizowana z Regionaln\u0105 Dyrekcj\u0105 Las\u00f3w Pa\u0144stwowych w Radomiu oraz trzema Nadle\u015bnictwami: Radom, Kozienice i Zwole\u0144, zarz\u0105dzaj\u0105cymi Le\u015bnym Kompleksem Promocyjnym \u201ePuszcza Kozienicka\u201d.<\/p>\n\n\n\n<p>W tegorocznej sesji uczestniczy\u0142o dwadzie\u015bcia os\u00f3b: Anna Kujawa, Gra\u017cyna Domian, Linda Gietka, Artur Je\u017cewski, Barbara Kalinowska-Lo\u017cek, Anna K\u0142oszewska, Judyta Konik, Piotr Krzy\u015bka, Barbara Kud\u0142awiec, Zofia Leszczy\u0144ska-Nizio\u0142ek, Krzysztof Lipi\u0144ski, Marcin Lo\u017cek, Maksymilian Nowak, Julia Paw\u0142owska, Aleksandra Rosa-Gruszecka, Marta Tischer, Monika Urbaniak, Daria Wieliczko i Clare Blencowe z British Mycological Society, redaktor naczelna pisma Field Mycology, kt\u00f3ra zg\u0142osi\u0142a si\u0119 na nasz\u0105 tegoroczn\u0105 sesj\u0119 terenow\u0105, oraz go\u015bcinnie Karol Gietka.<\/p>\n\n\n\n<p>Dzi\u0119ki udzielonemu przez Mazowieck\u0105 Regionaln\u0105 Dyrekcj\u0119 Ochrony \u015arodowiska zezwoleniu na wst\u0119p do rezerwat\u00f3w, mogli\u015bmy przeprowadzi\u0107 obserwacje mykobioty w rezerwatach: Za\u0142amanek, Kr\u0119piec i Jedlnia, a tak\u017ce Ciszek (Artur Je\u017cewski) oraz Pionki (Gra\u017cyna Domian i Marcin Lo\u017cek). Odwiedzili\u015bmy tak\u017ce teren proponowanego rezerwatu Gr\u0105dy w okolicy miejscowo\u015bci Stawki.<\/p>\n\n\n\n<p>Lokalizacja sesji w bogatej w rozmaite siedliska Puszczy Kozienickiej sprawi\u0142a, \u017ce mieli\u015bmy mo\u017cliwo\u015b\u0107 poczyni\u0107 wiele ciekawych obserwacji mykologicznych.<\/p>\n\n\n\n<p>Zakwaterowanie w Le\u015bnym O\u015brodkuEdukacyjnym im. red. Andrzeja Zalewskiego w Jedlni zapewni\u0142o nam wygodne noclegi, bardzo smaczne posi\u0142ki i obszern\u0105, bardzo funkcjonaln\u0105 przestrze\u0144 do prac kameralnych. Wszystko to sprawi\u0142o, \u017ce nasza kolejna sesja terenowa mo\u017ce by\u0107 uznana za bardzo udan\u0105 i ciekaw\u0105.<\/p>\n\n\n\n<p>Zebrali\u015bmy oko\u0142o 900 kolekcji, kt\u00f3re zosta\u0142y zabezpieczone w zbiorach zielnikowych Uniwersytetu Warszawskiego w formie suchych eksykat\u00f3w. Cz\u0119\u015b\u0107 okaz\u00f3w jest oznaczona do gatunku, a pozosta\u0142e b\u0119d\u0105 opracowywane w ci\u0105gu najbli\u017cszych miesi\u0119cy.<\/p>\n\n\n\n<p><strong>Podzi\u0119kowania<\/strong><\/p>\n\n\n\n<p>Serdecznie dzi\u0119kujemy Panu Mariuszowi So\u0142tykiewiczowi, Dyrektorowi RDLP w Radomiu, za wsparcie w organizacji sesji terenowej oraz za osobiste odwiedzenie nas w terenie.<\/p>\n\n\n\n<p>Wyrazy wdzi\u0119czno\u015bci kierujemy r\u00f3wnie\u017c do Pan\u00f3w Nadle\u015bniczych: \u2013 Nadle\u015bnictwa Radom \u2013 Grzegorza O\u017coga, \u2013 Nadle\u015bnictwa Kozienice \u2013 Tomasza Sota, \u2013 Nadle\u015bnictwa Zwole\u0144 \u2013 Grzegorza Wachnickiego, za umo\u017cliwienie przeprowadzenia tegorocznej sesji w lasach Le\u015bnego Kompleksu Promocyjnego \u201ePuszcza Kozienicka\u201d, za \u017cyczliwe przyj\u0119cie, wszelk\u0105 okazan\u0105 pomoc, a tak\u017ce za zapewnienie nocleg\u00f3w, miejsca do pracy i wsparcie w terenie.<\/p>\n\n\n\n<p>Dzi\u0119kujemy r\u00f3wnie\u017c Pracownikom Le\u015bnego O\u015brodka Edukacyjnego im. red. Andrzeja Zalewskiego w Jedlni za niezwykle mi\u0142\u0105 i profesjonaln\u0105 obs\u0142ug\u0119 przez ca\u0142y czas naszego pobytu.<\/p>\n\n\n\n<p>Szczeg\u00f3lne podzi\u0119kowania sk\u0142adamy za udzielone wsparcie finansowe na organizacj\u0119 sesji terenowej Polskiego Towarzystwa Mykologicznego jednostkom RDLP w Radomiu: Nadle\u015bnictwu Barycz, Nadle\u015bnictwu Chmielnik, Nadle\u015bnictwu Dobieszyn, Nadle\u015bnictwu Daleszyce, Nadle\u015bnictwu Ostrowiec \u015awi\u0119tokrzyski, Nadle\u015bnictwu Radoszyce, Nadle\u015bnictwu Pi\u0144cz\u00f3w, Nadle\u015bnictwu Radom, Nadle\u015bnictwu St\u0105pork\u00f3w, Nadle\u015bnictwu Zagna\u0144sk oraz Nadle\u015bnictwu Zwole\u0144.<\/p>\n\n\n\n<p>Wszystkim uczestnikom naszej sesji terenowej w Puszczy Kozienickiej sk\u0142adamy serdeczne podzi\u0119kowania za po\u015bwi\u0119cony czas, otwarcie na nowe metody pracy, ch\u0119\u0107 wykonywania grzybowych inwentaryzacji i opracowywania wynik\u00f3w oraz mi\u0142\u0105 atmosfer\u0119.<\/p>\n\n\n\n<p>Szczeg\u00f3lnie podzi\u0119kowania kierujemy do&nbsp;Aleksandry Rosy-Gruszeckiej i Moniki Urbaniak, za ogrom stara\u0144 dla uzyskaniu dofinansowania naszej sesji. Marcie Tischer, Julii Paw\u0142owskiej i Maksymilianowi Nowakowi dzi\u0119kujemy za przygotowywanie nam na bie\u017c\u0105co kopert zielnikowych, a Darii Wieliczko za wprowadzenie w nasze kr\u0119gi mykologiczne Clare Blencowe i zapewnienie t\u0142umaczenia.<\/p>\n\n\n\n<p>By\u0142o bardzo mi\u0142o zn\u00f3w, na kolejnej mykologicznej sesji terenowej, zanurzy\u0107 si\u0119 g\u0142\u0119boko w fascynuj\u0105cym \u015bwiecie grzyb\u00f3w i zebra\u0107 przy tym sporo nowych danych o mykobiocie Puszczy Kozienickiej.<\/p>\n\n\n\n<p>Tekst: Barbara Kud\u0142awiec<\/p>\n\n\n\n<p>Zdj\u0119cia: Linda Gietka oraz Marta Tischer<\/p>\n\n\n\n<figure class=\"wp-block-image size-large\"><a href=\"https:\/\/www.ptmyk.pl\/wp-content\/uploads\/2025\/10\/fot.LindaGietka-1-scaled.jpg\"><img loading=\"lazy\" decoding=\"async\" width=\"1024\" height=\"758\" src=\"https:\/\/www.ptmyk.pl\/wp-content\/uploads\/2025\/10\/fot.LindaGietka-1-1024x758.jpg\" alt=\"\" class=\"wp-image-6093\" srcset=\"https:\/\/www.ptmyk.pl\/wp-content\/uploads\/2025\/10\/fot.LindaGietka-1-1024x758.jpg 1024w, https:\/\/www.ptmyk.pl\/wp-content\/uploads\/2025\/10\/fot.LindaGietka-1-300x222.jpg 300w, https:\/\/www.ptmyk.pl\/wp-content\/uploads\/2025\/10\/fot.LindaGietka-1-768x568.jpg 768w, https:\/\/www.ptmyk.pl\/wp-content\/uploads\/2025\/10\/fot.LindaGietka-1-1536x1136.jpg 1536w, https:\/\/www.ptmyk.pl\/wp-content\/uploads\/2025\/10\/fot.LindaGietka-1-2048x1515.jpg 2048w\" sizes=\"auto, (max-width: 1024px) 100vw, 1024px\" \/><\/a><\/figure>\n\n\n\n<figure class=\"wp-block-image size-large\"><a href=\"https:\/\/www.ptmyk.pl\/wp-content\/uploads\/2025\/10\/fotMTischer-3.jpeg\"><img loading=\"lazy\" decoding=\"async\" width=\"768\" height=\"1024\" src=\"https:\/\/www.ptmyk.pl\/wp-content\/uploads\/2025\/10\/fotMTischer-3-768x1024.jpeg\" alt=\"\" class=\"wp-image-6089\" srcset=\"https:\/\/www.ptmyk.pl\/wp-content\/uploads\/2025\/10\/fotMTischer-3-768x1024.jpeg 768w, https:\/\/www.ptmyk.pl\/wp-content\/uploads\/2025\/10\/fotMTischer-3-225x300.jpeg 225w, https:\/\/www.ptmyk.pl\/wp-content\/uploads\/2025\/10\/fotMTischer-3-1152x1536.jpeg 1152w, https:\/\/www.ptmyk.pl\/wp-content\/uploads\/2025\/10\/fotMTischer-3.jpeg 1536w\" sizes=\"auto, (max-width: 768px) 100vw, 768px\" \/><\/a><\/figure>\n\n\n\n<figure class=\"wp-block-image size-large\"><a href=\"https:\/\/www.ptmyk.pl\/wp-content\/uploads\/2025\/10\/fot_MTischer.jpeg\"><img loading=\"lazy\" decoding=\"async\" width=\"1024\" height=\"902\" src=\"https:\/\/www.ptmyk.pl\/wp-content\/uploads\/2025\/10\/fot_MTischer-1024x902.jpeg\" alt=\"\" class=\"wp-image-6087\" srcset=\"https:\/\/www.ptmyk.pl\/wp-content\/uploads\/2025\/10\/fot_MTischer-1024x902.jpeg 1024w, https:\/\/www.ptmyk.pl\/wp-content\/uploads\/2025\/10\/fot_MTischer-300x264.jpeg 300w, https:\/\/www.ptmyk.pl\/wp-content\/uploads\/2025\/10\/fot_MTischer-768x677.jpeg 768w, https:\/\/www.ptmyk.pl\/wp-content\/uploads\/2025\/10\/fot_MTischer-1536x1354.jpeg 1536w, https:\/\/www.ptmyk.pl\/wp-content\/uploads\/2025\/10\/fot_MTischer.jpeg 1743w\" sizes=\"auto, (max-width: 1024px) 100vw, 1024px\" \/><\/a><\/figure>\n\n\n\n<figure class=\"wp-block-image size-large\"><a href=\"https:\/\/www.ptmyk.pl\/wp-content\/uploads\/2025\/10\/IMG_6633.jpeg\"><img loading=\"lazy\" decoding=\"async\" width=\"1024\" height=\"768\" src=\"https:\/\/www.ptmyk.pl\/wp-content\/uploads\/2025\/10\/IMG_6633-1024x768.jpeg\" alt=\"\" class=\"wp-image-6091\" srcset=\"https:\/\/www.ptmyk.pl\/wp-content\/uploads\/2025\/10\/IMG_6633-1024x768.jpeg 1024w, https:\/\/www.ptmyk.pl\/wp-content\/uploads\/2025\/10\/IMG_6633-300x225.jpeg 300w, https:\/\/www.ptmyk.pl\/wp-content\/uploads\/2025\/10\/IMG_6633-768x576.jpeg 768w, https:\/\/www.ptmyk.pl\/wp-content\/uploads\/2025\/10\/IMG_6633-1536x1152.jpeg 1536w, https:\/\/www.ptmyk.pl\/wp-content\/uploads\/2025\/10\/IMG_6633.jpeg 2048w\" sizes=\"auto, (max-width: 1024px) 100vw, 1024px\" \/><\/a><\/figure>\n\n\n\n<figure class=\"wp-block-image size-large\"><a href=\"https:\/\/www.ptmyk.pl\/wp-content\/uploads\/2025\/10\/4.jpeg\"><img loading=\"lazy\" decoding=\"async\" width=\"1024\" height=\"768\" src=\"https:\/\/www.ptmyk.pl\/wp-content\/uploads\/2025\/10\/4-1024x768.jpeg\" alt=\"\" class=\"wp-image-6079\" srcset=\"https:\/\/www.ptmyk.pl\/wp-content\/uploads\/2025\/10\/4-1024x768.jpeg 1024w, https:\/\/www.ptmyk.pl\/wp-content\/uploads\/2025\/10\/4-300x225.jpeg 300w, https:\/\/www.ptmyk.pl\/wp-content\/uploads\/2025\/10\/4-768x576.jpeg 768w, https:\/\/www.ptmyk.pl\/wp-content\/uploads\/2025\/10\/4-1536x1152.jpeg 1536w, https:\/\/www.ptmyk.pl\/wp-content\/uploads\/2025\/10\/4.jpeg 2048w\" sizes=\"auto, (max-width: 1024px) 100vw, 1024px\" \/><\/a><\/figure>\n\n\n\n<figure class=\"wp-block-image size-large\"><a href=\"https:\/\/www.ptmyk.pl\/wp-content\/uploads\/2025\/10\/8.jpeg\"><img loading=\"lazy\" decoding=\"async\" width=\"768\" height=\"1024\" src=\"https:\/\/www.ptmyk.pl\/wp-content\/uploads\/2025\/10\/8-768x1024.jpeg\" alt=\"\" class=\"wp-image-6083\" srcset=\"https:\/\/www.ptmyk.pl\/wp-content\/uploads\/2025\/10\/8-768x1024.jpeg 768w, https:\/\/www.ptmyk.pl\/wp-content\/uploads\/2025\/10\/8-225x300.jpeg 225w, https:\/\/www.ptmyk.pl\/wp-content\/uploads\/2025\/10\/8-1152x1536.jpeg 1152w, https:\/\/www.ptmyk.pl\/wp-content\/uploads\/2025\/10\/8.jpeg 1536w\" sizes=\"auto, (max-width: 768px) 100vw, 768px\" \/><\/a><\/figure>\n\n\n\n<figure class=\"wp-block-image size-large\"><a href=\"https:\/\/www.ptmyk.pl\/wp-content\/uploads\/2025\/10\/9.jpeg\"><img loading=\"lazy\" decoding=\"async\" width=\"768\" height=\"1024\" src=\"https:\/\/www.ptmyk.pl\/wp-content\/uploads\/2025\/10\/9-768x1024.jpeg\" alt=\"\" class=\"wp-image-6084\" srcset=\"https:\/\/www.ptmyk.pl\/wp-content\/uploads\/2025\/10\/9-768x1024.jpeg 768w, https:\/\/www.ptmyk.pl\/wp-content\/uploads\/2025\/10\/9-225x300.jpeg 225w, https:\/\/www.ptmyk.pl\/wp-content\/uploads\/2025\/10\/9-1152x1536.jpeg 1152w, https:\/\/www.ptmyk.pl\/wp-content\/uploads\/2025\/10\/9.jpeg 1536w\" sizes=\"auto, (max-width: 768px) 100vw, 768px\" \/><\/a><\/figure>\n\n\n\n<figure class=\"wp-block-image size-large\"><a href=\"https:\/\/www.ptmyk.pl\/wp-content\/uploads\/2025\/10\/FotMTischer-2.jpeg\"><img loading=\"lazy\" decoding=\"async\" width=\"1024\" height=\"768\" src=\"https:\/\/www.ptmyk.pl\/wp-content\/uploads\/2025\/10\/FotMTischer-2-1024x768.jpeg\" alt=\"\" class=\"wp-image-6088\" srcset=\"https:\/\/www.ptmyk.pl\/wp-content\/uploads\/2025\/10\/FotMTischer-2-1024x768.jpeg 1024w, https:\/\/www.ptmyk.pl\/wp-content\/uploads\/2025\/10\/FotMTischer-2-300x225.jpeg 300w, https:\/\/www.ptmyk.pl\/wp-content\/uploads\/2025\/10\/FotMTischer-2-768x576.jpeg 768w, https:\/\/www.ptmyk.pl\/wp-content\/uploads\/2025\/10\/FotMTischer-2-1536x1152.jpeg 1536w, https:\/\/www.ptmyk.pl\/wp-content\/uploads\/2025\/10\/FotMTischer-2.jpeg 2048w\" sizes=\"auto, (max-width: 1024px) 100vw, 1024px\" \/><\/a><\/figure>\n\n\n\n<figure class=\"wp-block-image size-large\"><a href=\"https:\/\/www.ptmyk.pl\/wp-content\/uploads\/2025\/10\/1.jpeg\"><img loading=\"lazy\" decoding=\"async\" width=\"768\" height=\"1024\" src=\"https:\/\/www.ptmyk.pl\/wp-content\/uploads\/2025\/10\/1-768x1024.jpeg\" alt=\"\" class=\"wp-image-6076\" srcset=\"https:\/\/www.ptmyk.pl\/wp-content\/uploads\/2025\/10\/1-768x1024.jpeg 768w, https:\/\/www.ptmyk.pl\/wp-content\/uploads\/2025\/10\/1-225x300.jpeg 225w, https:\/\/www.ptmyk.pl\/wp-content\/uploads\/2025\/10\/1-1152x1536.jpeg 1152w, https:\/\/www.ptmyk.pl\/wp-content\/uploads\/2025\/10\/1.jpeg 1536w\" sizes=\"auto, (max-width: 768px) 100vw, 768px\" \/><\/a><\/figure>\n\n\n\n<figure class=\"wp-block-image size-large\"><a href=\"https:\/\/www.ptmyk.pl\/wp-content\/uploads\/2025\/10\/3.jpeg\"><img loading=\"lazy\" decoding=\"async\" width=\"1024\" height=\"768\" src=\"https:\/\/www.ptmyk.pl\/wp-content\/uploads\/2025\/10\/3-1024x768.jpeg\" alt=\"\" class=\"wp-image-6078\" srcset=\"https:\/\/www.ptmyk.pl\/wp-content\/uploads\/2025\/10\/3-1024x768.jpeg 1024w, https:\/\/www.ptmyk.pl\/wp-content\/uploads\/2025\/10\/3-300x225.jpeg 300w, https:\/\/www.ptmyk.pl\/wp-content\/uploads\/2025\/10\/3-768x576.jpeg 768w, https:\/\/www.ptmyk.pl\/wp-content\/uploads\/2025\/10\/3-1536x1152.jpeg 1536w, https:\/\/www.ptmyk.pl\/wp-content\/uploads\/2025\/10\/3.jpeg 2048w\" sizes=\"auto, (max-width: 1024px) 100vw, 1024px\" \/><\/a><\/figure>\n\n\n\n<figure class=\"wp-block-image size-large\"><a href=\"https:\/\/www.ptmyk.pl\/wp-content\/uploads\/2025\/10\/10-rotated.jpeg\"><img loading=\"lazy\" decoding=\"async\" width=\"1024\" height=\"768\" src=\"https:\/\/www.ptmyk.pl\/wp-content\/uploads\/2025\/10\/10-1024x768.jpeg\" alt=\"\" class=\"wp-image-6085\" srcset=\"https:\/\/www.ptmyk.pl\/wp-content\/uploads\/2025\/10\/10-1024x768.jpeg 1024w, https:\/\/www.ptmyk.pl\/wp-content\/uploads\/2025\/10\/10-300x225.jpeg 300w, https:\/\/www.ptmyk.pl\/wp-content\/uploads\/2025\/10\/10-768x576.jpeg 768w, https:\/\/www.ptmyk.pl\/wp-content\/uploads\/2025\/10\/10-1536x1152.jpeg 1536w, https:\/\/www.ptmyk.pl\/wp-content\/uploads\/2025\/10\/10-rotated.jpeg 2048w\" sizes=\"auto, (max-width: 1024px) 100vw, 1024px\" \/><\/a><\/figure>\n\n\n\n<figure class=\"wp-block-image size-large\"><a href=\"https:\/\/www.ptmyk.pl\/wp-content\/uploads\/2025\/10\/2.jpeg\"><img loading=\"lazy\" decoding=\"async\" width=\"1024\" height=\"768\" src=\"https:\/\/www.ptmyk.pl\/wp-content\/uploads\/2025\/10\/2-1024x768.jpeg\" alt=\"\" class=\"wp-image-6077\" srcset=\"https:\/\/www.ptmyk.pl\/wp-content\/uploads\/2025\/10\/2-1024x768.jpeg 1024w, https:\/\/www.ptmyk.pl\/wp-content\/uploads\/2025\/10\/2-300x225.jpeg 300w, https:\/\/www.ptmyk.pl\/wp-content\/uploads\/2025\/10\/2-768x576.jpeg 768w, https:\/\/www.ptmyk.pl\/wp-content\/uploads\/2025\/10\/2-1536x1152.jpeg 1536w, https:\/\/www.ptmyk.pl\/wp-content\/uploads\/2025\/10\/2.jpeg 2048w\" sizes=\"auto, (max-width: 1024px) 100vw, 1024px\" \/><\/a><\/figure>\n","protected":false},"excerpt":{"rendered":"<p>W dniach od 7 do 13 wrze\u015bnia br. odby\u0142a si\u0119 XI sesja terenowa Sekcji R\u00f3\u017cnorodno\u015b\u0107 i Ochrona Grzyb\u00f3w Polskiego Towarzystwa Mykologicznego. Podczas sesji eksplorowali\u015bmy tereny Le\u015bnego Kompleksu Promocyjnego \u201ePuszcza Kozienicka\u201d, obj\u0119tego tak\u017ce licznymi formami ochrony przyrody takimi jak: Kozienicki Park &hellip; <a href=\"https:\/\/www.ptmyk.pl\/?p=6092\">Czytaj dalej <span class=\"meta-nav\">&rarr;<\/span><\/a><\/p>\n","protected":false},"author":1,"featured_media":0,"comment_status":"closed","ping_status":"closed","sticky":false,"template":"","format":"standard","meta":{"footnotes":""},"categories":[4],"tags":[],"class_list":["post-6092","post","type-post","status-publish","format-standard","hentry","category-aktualnosci"],"_links":{"self":[{"href":"https:\/\/www.ptmyk.pl\/index.php?rest_route=\/wp\/v2\/posts\/6092","targetHints":{"allow":["GET"]}}],"collection":[{"href":"https:\/\/www.ptmyk.pl\/index.php?rest_route=\/wp\/v2\/posts"}],"about":[{"href":"https:\/\/www.ptmyk.pl\/index.php?rest_route=\/wp\/v2\/types\/post"}],"author":[{"embeddable":true,"href":"https:\/\/www.ptmyk.pl\/index.php?rest_route=\/wp\/v2\/users\/1"}],"replies":[{"embeddable":true,"href":"https:\/\/www.ptmyk.pl\/index.php?rest_route=%2Fwp%2Fv2%2Fcomments&post=6092"}],"version-history":[{"count":1,"href":"https:\/\/www.ptmyk.pl\/index.php?rest_route=\/wp\/v2\/posts\/6092\/revisions"}],"predecessor-version":[{"id":6094,"href":"https:\/\/www.ptmyk.pl\/index.php?rest_route=\/wp\/v2\/posts\/6092\/revisions\/6094"}],"wp:attachment":[{"href":"https:\/\/www.ptmyk.pl\/index.php?rest_route=%2Fwp%2Fv2%2Fmedia&parent=6092"}],"wp:term":[{"taxonomy":"category","embeddable":true,"href":"https:\/\/www.ptmyk.pl\/index.php?rest_route=%2Fwp%2Fv2%2Fcategories&post=6092"},{"taxonomy":"post_tag","embeddable":true,"href":"https:\/\/www.ptmyk.pl\/index.php?rest_route=%2Fwp%2Fv2%2Ftags&post=6092"}],"curies":[{"name":"wp","href":"https:\/\/api.w.org\/{rel}","templated":true}]}}