{"id":6009,"date":"2025-05-21T17:38:39","date_gmt":"2025-05-21T15:38:39","guid":{"rendered":"https:\/\/www.ptmyk.pl\/?p=6009"},"modified":"2025-05-21T17:39:46","modified_gmt":"2025-05-21T15:39:46","slug":"zaproszenie-na-xix-konferencje-amopwzl-porozmawiajmy-o-rezerwatach","status":"publish","type":"post","link":"https:\/\/www.ptmyk.pl\/?p=6009","title":{"rendered":"Zaproszenie na XIX konferencj\u0119 AMOPwZL \u201ePorozmawiajmy o rezerwatach&#8221;"},"content":{"rendered":"\n<figure class=\"wp-block-image size-full\"><a href=\"https:\/\/www.ptmyk.pl\/ptmyk-pl-staging\/wp-content\/uploads\/2025\/05\/ptmyk1.png\"><img loading=\"lazy\" decoding=\"async\" width=\"768\" height=\"350\" src=\"https:\/\/www.ptmyk.pl\/ptmyk-pl-staging\/wp-content\/uploads\/2025\/05\/ptmyk1.png\" alt=\"\" class=\"wp-image-6010\" srcset=\"https:\/\/www.ptmyk.pl\/wp-content\/uploads\/2025\/05\/ptmyk1.png 768w, https:\/\/www.ptmyk.pl\/wp-content\/uploads\/2025\/05\/ptmyk1-300x137.png 300w\" sizes=\"auto, (max-width: 768px) 100vw, 768px\" \/><\/a><\/figure>\n\n\n\n<p><p>Szanowni Pa\u0144stwo,W imieniu organizator\u00f3w XIX Konferencji AMOPwZL \u201ePorozmawiajmy o rezerwatach&#8221;, kt\u00f3ra odb\u0119dzie si\u0119 <strong>3-4 wrze\u015bnia 2025 <\/strong>serdecznie<strong> <\/strong>zapraszamy do udzia\u0142u i zg\u0142aszania propozycji referat\u00f3w i poster\u00f3w <strong>do 01 sierpnia 2025 <\/strong>oraz ch\u0119ci uczestnictwa <strong>do 25 sierpnia 2025. <\/strong><\/p><\/p>\n\n\n\n<p><p>Szczeg\u00f3\u0142y konferencji na:<a name=\"m_7973055551461535859_v1x__Hlk90286884\"><\/a> <a data-saferedirecturl=\"https:\/\/www.google.com\/url?q=https:\/\/cepl.sggw.edu.pl\/rezerwaty\/&amp;source=gmail&amp;ust=1747927651239000&amp;usg=AOvVaw2pLXzhM3rvGKi5Blk3x_IS\" href=\"https:\/\/cepl.sggw.edu.pl\/rezerwaty\/\" target=\"_blank\" rel=\"noopener noreferrer\"><span>https:\/\/cepl.sggw.edu.pl\/rezerwaty\/<\/span><\/a><span> <\/span><\/p><\/p>\n\n\n\n<p><p><span>Konferencja po\u015bwi\u0119cona jest rezerwatom przyrody, wyzwaniom zwi\u0105zanym z ich powo\u0142ywaniem i\u00a0utrzymaniem. Ma charakter og\u00f3lnopolskiego  forum wymiany do\u015bwiadcze\u0144 i pogl\u0105d\u00f3w w tym zakresie. Przeznaczona jest  dla pracownik\u00f3w Las\u00f3w Pa\u0144stwowych, regionalnych dyrekcji ochrony  \u015brodowiska, park\u00f3w narodowych i krajobrazowych, \u015brodowisk naukowych, instytucji i urz\u0119d\u00f3w publicznych, prywatnych i instytucjonalnych  zarz\u0105dc\u00f3w las\u00f3w, organizacji pozarz\u0105dowych oraz wszystkich  zainteresowanych ochron\u0105 przyrody w lasach.\u00a0<\/span><\/p><\/p>\n\n\n\n<p><p><span>Serdecznie Zapraszamy!<\/span><\/p><\/p>\n","protected":false},"excerpt":{"rendered":"<p>Szanowni Pa\u0144stwo,W imieniu organizator\u00f3w XIX Konferencji AMOPwZL \u201ePorozmawiajmy o rezerwatach&#8221;, kt\u00f3ra odb\u0119dzie si\u0119 3-4 wrze\u015bnia 2025 serdecznie zapraszamy do udzia\u0142u i zg\u0142aszania propozycji referat\u00f3w i poster\u00f3w do 01 sierpnia 2025 oraz ch\u0119ci uczestnictwa do 25 sierpnia 2025. Szczeg\u00f3\u0142y konferencji na: &hellip; <a href=\"https:\/\/www.ptmyk.pl\/?p=6009\">Czytaj dalej <span class=\"meta-nav\">&rarr;<\/span><\/a><\/p>\n","protected":false},"author":2102,"featured_media":0,"comment_status":"closed","ping_status":"closed","sticky":false,"template":"","format":"standard","meta":{"footnotes":""},"categories":[4],"tags":[],"class_list":["post-6009","post","type-post","status-publish","format-standard","hentry","category-aktualnosci"],"_links":{"self":[{"href":"https:\/\/www.ptmyk.pl\/index.php?rest_route=\/wp\/v2\/posts\/6009","targetHints":{"allow":["GET"]}}],"collection":[{"href":"https:\/\/www.ptmyk.pl\/index.php?rest_route=\/wp\/v2\/posts"}],"about":[{"href":"https:\/\/www.ptmyk.pl\/index.php?rest_route=\/wp\/v2\/types\/post"}],"author":[{"embeddable":true,"href":"https:\/\/www.ptmyk.pl\/index.php?rest_route=\/wp\/v2\/users\/2102"}],"replies":[{"embeddable":true,"href":"https:\/\/www.ptmyk.pl\/index.php?rest_route=%2Fwp%2Fv2%2Fcomments&post=6009"}],"version-history":[{"count":2,"href":"https:\/\/www.ptmyk.pl\/index.php?rest_route=\/wp\/v2\/posts\/6009\/revisions"}],"predecessor-version":[{"id":6012,"href":"https:\/\/www.ptmyk.pl\/index.php?rest_route=\/wp\/v2\/posts\/6009\/revisions\/6012"}],"wp:attachment":[{"href":"https:\/\/www.ptmyk.pl\/index.php?rest_route=%2Fwp%2Fv2%2Fmedia&parent=6009"}],"wp:term":[{"taxonomy":"category","embeddable":true,"href":"https:\/\/www.ptmyk.pl\/index.php?rest_route=%2Fwp%2Fv2%2Fcategories&post=6009"},{"taxonomy":"post_tag","embeddable":true,"href":"https:\/\/www.ptmyk.pl\/index.php?rest_route=%2Fwp%2Fv2%2Ftags&post=6009"}],"curies":[{"name":"wp","href":"https:\/\/api.w.org\/{rel}","templated":true}]}}