{"id":5996,"date":"2025-04-16T11:54:20","date_gmt":"2025-04-16T09:54:20","guid":{"rendered":"https:\/\/www.ptmyk.pl\/?p=5996"},"modified":"2025-04-16T11:54:21","modified_gmt":"2025-04-16T09:54:21","slug":"zaproszenie-na-seminarium-trufla-fakty-i-mity","status":"publish","type":"post","link":"https:\/\/www.ptmyk.pl\/?p=5996","title":{"rendered":"Zaproszenie na seminarium &#8222;Trufla- fakty i mity&#8221;"},"content":{"rendered":"\n<p>Szanowni Pa\u0144stwo,<\/p>\n\n\n\n<p>Serdecznie zapraszamy na drugie w tym roku kalendarzowym seminarium mykologiczne.<br>Tegoroczne seminaria organizowane s\u0105 we wsp\u00f3\u0142pracy Sekcji Mykologicznej oddzia\u0142u Pozna\u0144skiego Polskiego Towarzystwa Botanicznego oraz Sekcji R\u00f3\u017cnorodno\u015b\u0107 i Ochrona Grzyb\u00f3w Polskiego Towarzystwa Mykologicznego.<\/p>\n\n\n\n<p>We wtorek 22 kwietnia br.&nbsp;<strong>dr in\u017c. Aleksandra Rosa-Gruszecka<\/strong>&nbsp;przedstawi prezentacj\u0119 pt.:<\/p>\n\n\n\n<p><strong>&#8222;Trufla &#8211; fakty i mity&#8221;<\/strong><\/p>\n\n\n\n<p>Spotkanie rozpoczyna si\u0119 o godzinie 19 i odb\u0119dzie si\u0119 w formie online. Poni\u017cej podajemy link do spotkania:<\/p>\n\n\n\n<p><strong><a href=\"http:\/\/meet.google.com\/hav-oirv-erd\" target=\"_blank\" rel=\"noreferrer noopener\">meet.google.com\/hav-oirv-erd<\/a><\/strong><\/p>\n\n\n\n<figure class=\"wp-block-image size-full\"><a href=\"https:\/\/www.ptmyk.pl\/wp-content\/uploads\/2025\/04\/seminarium-RiOG.jpg\"><img loading=\"lazy\" decoding=\"async\" width=\"960\" height=\"720\" src=\"https:\/\/www.ptmyk.pl\/wp-content\/uploads\/2025\/04\/seminarium-RiOG.jpg\" alt=\"\" class=\"wp-image-5995\" srcset=\"https:\/\/www.ptmyk.pl\/wp-content\/uploads\/2025\/04\/seminarium-RiOG.jpg 960w, https:\/\/www.ptmyk.pl\/wp-content\/uploads\/2025\/04\/seminarium-RiOG-300x225.jpg 300w, https:\/\/www.ptmyk.pl\/wp-content\/uploads\/2025\/04\/seminarium-RiOG-768x576.jpg 768w\" sizes=\"auto, (max-width: 960px) 100vw, 960px\" \/><\/a><\/figure>\n","protected":false},"excerpt":{"rendered":"<p>Szanowni Pa\u0144stwo, Serdecznie zapraszamy na drugie w tym roku kalendarzowym seminarium mykologiczne.Tegoroczne seminaria organizowane s\u0105 we wsp\u00f3\u0142pracy Sekcji Mykologicznej oddzia\u0142u Pozna\u0144skiego Polskiego Towarzystwa Botanicznego oraz Sekcji R\u00f3\u017cnorodno\u015b\u0107 i Ochrona Grzyb\u00f3w Polskiego Towarzystwa Mykologicznego. We wtorek 22 kwietnia br.&nbsp;dr in\u017c. Aleksandra &hellip; <a href=\"https:\/\/www.ptmyk.pl\/?p=5996\">Czytaj dalej <span class=\"meta-nav\">&rarr;<\/span><\/a><\/p>\n","protected":false},"author":1,"featured_media":0,"comment_status":"closed","ping_status":"closed","sticky":false,"template":"","format":"standard","meta":{"footnotes":""},"categories":[1],"tags":[],"class_list":["post-5996","post","type-post","status-publish","format-standard","hentry","category-bez-kategorii"],"_links":{"self":[{"href":"https:\/\/www.ptmyk.pl\/index.php?rest_route=\/wp\/v2\/posts\/5996","targetHints":{"allow":["GET"]}}],"collection":[{"href":"https:\/\/www.ptmyk.pl\/index.php?rest_route=\/wp\/v2\/posts"}],"about":[{"href":"https:\/\/www.ptmyk.pl\/index.php?rest_route=\/wp\/v2\/types\/post"}],"author":[{"embeddable":true,"href":"https:\/\/www.ptmyk.pl\/index.php?rest_route=\/wp\/v2\/users\/1"}],"replies":[{"embeddable":true,"href":"https:\/\/www.ptmyk.pl\/index.php?rest_route=%2Fwp%2Fv2%2Fcomments&post=5996"}],"version-history":[{"count":2,"href":"https:\/\/www.ptmyk.pl\/index.php?rest_route=\/wp\/v2\/posts\/5996\/revisions"}],"predecessor-version":[{"id":5998,"href":"https:\/\/www.ptmyk.pl\/index.php?rest_route=\/wp\/v2\/posts\/5996\/revisions\/5998"}],"wp:attachment":[{"href":"https:\/\/www.ptmyk.pl\/index.php?rest_route=%2Fwp%2Fv2%2Fmedia&parent=5996"}],"wp:term":[{"taxonomy":"category","embeddable":true,"href":"https:\/\/www.ptmyk.pl\/index.php?rest_route=%2Fwp%2Fv2%2Fcategories&post=5996"},{"taxonomy":"post_tag","embeddable":true,"href":"https:\/\/www.ptmyk.pl\/index.php?rest_route=%2Fwp%2Fv2%2Ftags&post=5996"}],"curies":[{"name":"wp","href":"https:\/\/api.w.org\/{rel}","templated":true}]}}