{"id":5772,"date":"2024-11-13T10:41:38","date_gmt":"2024-11-13T09:41:38","guid":{"rendered":"https:\/\/www.ptmyk.pl\/?p=5772"},"modified":"2024-11-13T10:41:38","modified_gmt":"2024-11-13T09:41:38","slug":"relacja-z-iv-ogolnopolskiej-konferencji-polskiego-towarzystwa-mykologicznego","status":"publish","type":"post","link":"https:\/\/www.ptmyk.pl\/?p=5772","title":{"rendered":"Relacja z IV Og\u00f3lnopolskiej Konferencji Polskiego Towarzystwa Mykologicznego"},"content":{"rendered":"\n<p>W dniach 20\u201322 wrze\u015bnia 2024 w Lublinie, odby\u0142a si\u0119 IV Og\u00f3lnopolska Konferencja Polskiego Towarzystwa Mykologicznego. W imieniu Komitetu Organizacyjnego zapraszamy do zapoznania si\u0119 z materia\u0142ami pokonferencyjnymi a tak\u017ce z fotoreporta\u017cem. Wi\u0119cej informacji wkt\u00f3rtce.<\/p>\n\n\n\n<div class=\"wp-block-file\"><a href=\"https:\/\/www.ptmyk.pl\/wp-content\/uploads\/2024\/11\/SPRAWOZDANIE.pdf\">SPRAWOZDANIE<\/a><a href=\"https:\/\/www.ptmyk.pl\/wp-content\/uploads\/2024\/11\/SPRAWOZDANIE.pdf\" class=\"wp-block-file__button\" download>Pobierz<\/a><\/div>\n\n\n\n<div class=\"wp-block-file\"><a href=\"https:\/\/www.ptmyk.pl\/wp-content\/uploads\/2024\/11\/FOTOREPORTAZ.pdf\">FOTOREPORTA\u017b<\/a><a href=\"https:\/\/www.ptmyk.pl\/wp-content\/uploads\/2024\/11\/FOTOREPORTAZ.pdf\" class=\"wp-block-file__button\" download>Pobierz<\/a><\/div>\n\n\n\n<div class=\"wp-block-file\"><a href=\"https:\/\/www.ptmyk.pl\/wp-content\/uploads\/2024\/11\/Materialy-konferencyjne-ksiazka-abstraktow-IV-Ogolnopolskiej-Konferencji-Polskiego-Towarzystwa-Mykologicznego-2024_17.09.2024.pdf\">Materia\u0142y konferencyjne &#8211; ksi\u0105\u017cka abstrakt\u00f3w IV Og\u00f3lnopolskiej Konferencji Polskiego Towarzystwa Mykologicznego 2024_17.09.2024<\/a><a href=\"https:\/\/www.ptmyk.pl\/wp-content\/uploads\/2024\/11\/Materialy-konferencyjne-ksiazka-abstraktow-IV-Ogolnopolskiej-Konferencji-Polskiego-Towarzystwa-Mykologicznego-2024_17.09.2024.pdf\" class=\"wp-block-file__button\" download>Pobierz<\/a><\/div>\n","protected":false},"excerpt":{"rendered":"<p>W dniach 20\u201322 wrze\u015bnia 2024 w Lublinie, odby\u0142a si\u0119 IV Og\u00f3lnopolska Konferencja Polskiego Towarzystwa Mykologicznego. W imieniu Komitetu Organizacyjnego zapraszamy do zapoznania si\u0119 z materia\u0142ami pokonferencyjnymi a tak\u017ce z fotoreporta\u017cem. Wi\u0119cej informacji wkt\u00f3rtce.<\/p>\n","protected":false},"author":1,"featured_media":0,"comment_status":"closed","ping_status":"closed","sticky":false,"template":"","format":"standard","meta":{"footnotes":""},"categories":[4],"tags":[],"class_list":["post-5772","post","type-post","status-publish","format-standard","hentry","category-aktualnosci"],"_links":{"self":[{"href":"https:\/\/www.ptmyk.pl\/index.php?rest_route=\/wp\/v2\/posts\/5772","targetHints":{"allow":["GET"]}}],"collection":[{"href":"https:\/\/www.ptmyk.pl\/index.php?rest_route=\/wp\/v2\/posts"}],"about":[{"href":"https:\/\/www.ptmyk.pl\/index.php?rest_route=\/wp\/v2\/types\/post"}],"author":[{"embeddable":true,"href":"https:\/\/www.ptmyk.pl\/index.php?rest_route=\/wp\/v2\/users\/1"}],"replies":[{"embeddable":true,"href":"https:\/\/www.ptmyk.pl\/index.php?rest_route=%2Fwp%2Fv2%2Fcomments&post=5772"}],"version-history":[{"count":1,"href":"https:\/\/www.ptmyk.pl\/index.php?rest_route=\/wp\/v2\/posts\/5772\/revisions"}],"predecessor-version":[{"id":5773,"href":"https:\/\/www.ptmyk.pl\/index.php?rest_route=\/wp\/v2\/posts\/5772\/revisions\/5773"}],"wp:attachment":[{"href":"https:\/\/www.ptmyk.pl\/index.php?rest_route=%2Fwp%2Fv2%2Fmedia&parent=5772"}],"wp:term":[{"taxonomy":"category","embeddable":true,"href":"https:\/\/www.ptmyk.pl\/index.php?rest_route=%2Fwp%2Fv2%2Fcategories&post=5772"},{"taxonomy":"post_tag","embeddable":true,"href":"https:\/\/www.ptmyk.pl\/index.php?rest_route=%2Fwp%2Fv2%2Ftags&post=5772"}],"curies":[{"name":"wp","href":"https:\/\/api.w.org\/{rel}","templated":true}]}}