{"id":5676,"date":"2024-10-08T08:37:39","date_gmt":"2024-10-08T06:37:39","guid":{"rendered":"https:\/\/www.ptmyk.pl\/?p=5676"},"modified":"2024-10-10T16:10:42","modified_gmt":"2024-10-10T14:10:42","slug":"informacja-o-smierci-czeslawa-narkiewicza","status":"publish","type":"post","link":"https:\/\/www.ptmyk.pl\/?p=5676","title":{"rendered":"Informacja o \u015bmierci Czes\u0142awa Narkiewicza"},"content":{"rendered":"\n<p>Ze ogromnym smutkiem przekazuj\u0119 informacj\u0119 o \u015bmierci Czes\u0142awa Narkiewicza &#8211; wieloletniego pracownika Muzeum Przyrodniczego w Jeleniej G\u00f3rze i jednocze\u015bnie wieloletniego organizatora plenerowych, jeleniog\u00f3rskich wystaw grzyb\u00f3w. Popularyzatora wiedzy mykologicznej, wsp\u00f3\u0142redaktora czasopisma Przyroda Sudet\u00f3w. Ciep\u0142ego, serdecznego kolegi z lat studenckich i p\u00f3\u017aniejszych.<br><a rel=\"noreferrer noopener\" href=\"https:\/\/www.facebook.com\/photo\/?fbid=473415049054660&amp;set=z-ogromnym-smutkiem-przekazujemy-pa%C5%84stwu-wiadomo%C5%9B%C4%87-o-%C5%9Bmierci-czes%C5%82awa-narkiewicz\" target=\"_blank\">https:\/\/www.facebook.com\/photo\/?fbid=473415049054660&amp;set=z-ogromnym-smutkiem-przekazujemy-pa%C5%84stwu-wiadomo%C5%9B%C4%87-o-%C5%9Bmierci-czes%C5%82awa-narkiewicz<\/a><br>Pogrzeb odb\u0119dzie si\u0119 w najbli\u017cszy czwartek (10 pa\u017adziernika) o godzinie 14:00, w ko\u015bciele w Giera\u0142towie (gm. Nowogrodziec).<\/p>\n\n\n\n<p>W imieniu Cz\u0142onk\u00f3w i Zarz\u0105du PTMyk przekazujemy Rodzinie wyrazy wsp\u00f3\u0142czucia.<\/p>\n","protected":false},"excerpt":{"rendered":"<p>Ze ogromnym smutkiem przekazuj\u0119 informacj\u0119 o \u015bmierci Czes\u0142awa Narkiewicza &#8211; wieloletniego pracownika Muzeum Przyrodniczego w Jeleniej G\u00f3rze i jednocze\u015bnie wieloletniego organizatora plenerowych, jeleniog\u00f3rskich wystaw grzyb\u00f3w. Popularyzatora wiedzy mykologicznej, wsp\u00f3\u0142redaktora czasopisma Przyroda Sudet\u00f3w. Ciep\u0142ego, serdecznego kolegi z lat studenckich i p\u00f3\u017aniejszych.https:\/\/www.facebook.com\/photo\/?fbid=473415049054660&amp;set=z-ogromnym-smutkiem-przekazujemy-pa%C5%84stwu-wiadomo%C5%9B%C4%87-o-%C5%9Bmierci-czes%C5%82awa-narkiewiczPogrzeb &hellip; <a href=\"https:\/\/www.ptmyk.pl\/?p=5676\">Czytaj dalej <span class=\"meta-nav\">&rarr;<\/span><\/a><\/p>\n","protected":false},"author":2104,"featured_media":0,"comment_status":"closed","ping_status":"closed","sticky":false,"template":"","format":"standard","meta":{"footnotes":""},"categories":[4],"tags":[],"class_list":["post-5676","post","type-post","status-publish","format-standard","hentry","category-aktualnosci"],"_links":{"self":[{"href":"https:\/\/www.ptmyk.pl\/index.php?rest_route=\/wp\/v2\/posts\/5676","targetHints":{"allow":["GET"]}}],"collection":[{"href":"https:\/\/www.ptmyk.pl\/index.php?rest_route=\/wp\/v2\/posts"}],"about":[{"href":"https:\/\/www.ptmyk.pl\/index.php?rest_route=\/wp\/v2\/types\/post"}],"author":[{"embeddable":true,"href":"https:\/\/www.ptmyk.pl\/index.php?rest_route=\/wp\/v2\/users\/2104"}],"replies":[{"embeddable":true,"href":"https:\/\/www.ptmyk.pl\/index.php?rest_route=%2Fwp%2Fv2%2Fcomments&post=5676"}],"version-history":[{"count":2,"href":"https:\/\/www.ptmyk.pl\/index.php?rest_route=\/wp\/v2\/posts\/5676\/revisions"}],"predecessor-version":[{"id":5678,"href":"https:\/\/www.ptmyk.pl\/index.php?rest_route=\/wp\/v2\/posts\/5676\/revisions\/5678"}],"wp:attachment":[{"href":"https:\/\/www.ptmyk.pl\/index.php?rest_route=%2Fwp%2Fv2%2Fmedia&parent=5676"}],"wp:term":[{"taxonomy":"category","embeddable":true,"href":"https:\/\/www.ptmyk.pl\/index.php?rest_route=%2Fwp%2Fv2%2Fcategories&post=5676"},{"taxonomy":"post_tag","embeddable":true,"href":"https:\/\/www.ptmyk.pl\/index.php?rest_route=%2Fwp%2Fv2%2Ftags&post=5676"}],"curies":[{"name":"wp","href":"https:\/\/api.w.org\/{rel}","templated":true}]}}