{"id":5656,"date":"2024-08-28T10:18:58","date_gmt":"2024-08-28T08:18:58","guid":{"rendered":"https:\/\/www.ptmyk.pl\/?p=5656"},"modified":"2024-08-28T10:18:58","modified_gmt":"2024-08-28T08:18:58","slug":"i-miedzynarodowa-konferencja-na-temat-postepow-w-mikrobiologii-pt-advancements-of-microbiology-the-relevance-of-microbes-in-tackling-threats-to-health-and-the-environment","status":"publish","type":"post","link":"https:\/\/www.ptmyk.pl\/?p=5656","title":{"rendered":"I Mi\u0119dzynarodowa Konferencja na temat Post\u0119p\u00f3w w Mikrobiologii pt: Advancements of Microbiology: the relevance of microbes in tackling threats to health and the environment"},"content":{"rendered":"\n<p>Sk\u0142adanie streszcze\u0144 na I Mi\u0119dzynarodow\u0105 Konferencj\u0119 na temat Post\u0119p\u00f3w w Mikrobiologii pt:\u00a0<strong>Advancements of Microbiology: the relevance of microbes in tackling threats to health and the environment<\/strong>, kt\u00f3ra odb\u0119dzie si\u0119 mi\u0119dzy <strong>7 a 9 kwietnia 2025<\/strong> roku w Warszawie, <strong>JEST JU\u017b OTWARTE!<\/strong><\/p>\n\n\n\n<p>Zach\u0119camy do sk\u0142adania streszcze\u0144 na nast\u0119puj\u0105ce tematy:<br><strong>\u2022 Genomika patogen\u00f3w<\/strong><br><strong>\u2022 Mechanizmy i diagnostyka AMR<\/strong><br><strong>\u2022 Interakcje gospodarza z patogenem<\/strong><br><strong>\u2022 Terapie przeciwdrobnoustrojowe<\/strong><br><strong>\u2022 Mikrobiomy zwi\u0105zane z chorobami<\/strong><br><strong>\u2022 Nowe techniki &#8211; Nowe spostrze\u017cenia<\/strong><br><strong>\u2022 Mikrobiologia \u015brodowiskowa<\/strong><br><strong>\u2022 Biotechnologia mikrobiologiczna<\/strong><\/p>\n\n\n\n<p>Wi\u0119cej informacji na temat sk\u0142adania streszcze\u0144 mo\u017cna znale\u017a\u0107 na stronie konferencji&nbsp;<a href=\"http:\/\/advmicro2025.pl\/\" target=\"_blank\" rel=\"noreferrer noopener\">advmicro2025.pl<\/a>&nbsp;(patrz&nbsp;Registration -&gt; Registration Details)<\/p>\n\n\n\n<p>WA\u017bNE DATY<\/p>\n\n\n\n<p>15.10.2024 &#8211; Termin sk\u0142adania streszcze\u0144<br>31.12.2024 &#8211; Termin wczesnej rejestracji i p\u0142atno\u015bci<br>30.11.2024 &#8211; Powiadomienie o akceptacji streszczenia<\/p>\n\n\n\n<p>W razie jakichkolwiek pyta\u0144, prosimy o kontakt za po\u015brednictwem e-maila:\u00a0<a rel=\"noreferrer noopener\" href=\"mailto:info@advmicro2025.pl\" target=\"_blank\">info@advmicro2025.pl<\/a><\/p>\n\n\n\n<p>Zach\u0119camy do \u015bledzenia aktualno\u015bci na\u00a0<strong>X @AdvMicro2025<\/strong><\/p>\n\n\n\n<figure class=\"wp-block-gallery columns-1 is-cropped wp-block-gallery-1 is-layout-flex wp-block-gallery-is-layout-flex\"><ul class=\"blocks-gallery-grid\"><li class=\"blocks-gallery-item\"><figure><a href=\"https:\/\/www.ptmyk.pl\/wp-content\/uploads\/2024\/08\/AdvMicro_banner-scaled.jpg\"><img loading=\"lazy\" decoding=\"async\" width=\"1024\" height=\"379\" src=\"https:\/\/www.ptmyk.pl\/wp-content\/uploads\/2024\/08\/AdvMicro_banner-1024x379.jpg\" alt=\"\" data-id=\"5655\" data-full-url=\"https:\/\/www.ptmyk.pl\/wp-content\/uploads\/2024\/08\/AdvMicro_banner-scaled.jpg\" data-link=\"https:\/\/www.ptmyk.pl\/ptmyk-pl-staging\/?attachment_id=5655\" class=\"wp-image-5655\" srcset=\"https:\/\/www.ptmyk.pl\/wp-content\/uploads\/2024\/08\/AdvMicro_banner-1024x379.jpg 1024w, https:\/\/www.ptmyk.pl\/wp-content\/uploads\/2024\/08\/AdvMicro_banner-300x111.jpg 300w, https:\/\/www.ptmyk.pl\/wp-content\/uploads\/2024\/08\/AdvMicro_banner-768x284.jpg 768w, https:\/\/www.ptmyk.pl\/wp-content\/uploads\/2024\/08\/AdvMicro_banner-1536x568.jpg 1536w, https:\/\/www.ptmyk.pl\/wp-content\/uploads\/2024\/08\/AdvMicro_banner-2048x758.jpg 2048w\" sizes=\"auto, (max-width: 1024px) 100vw, 1024px\" \/><\/a><\/figure><\/li><\/ul><\/figure>\n","protected":false},"excerpt":{"rendered":"<p>Sk\u0142adanie streszcze\u0144 na I Mi\u0119dzynarodow\u0105 Konferencj\u0119 na temat Post\u0119p\u00f3w w Mikrobiologii pt:\u00a0Advancements of Microbiology: the relevance of microbes in tackling threats to health and the environment, kt\u00f3ra odb\u0119dzie si\u0119 mi\u0119dzy 7 a 9 kwietnia 2025 roku w Warszawie, JEST JU\u017b &hellip; <a href=\"https:\/\/www.ptmyk.pl\/?p=5656\">Czytaj dalej <span class=\"meta-nav\">&rarr;<\/span><\/a><\/p>\n","protected":false},"author":1,"featured_media":0,"comment_status":"closed","ping_status":"closed","sticky":false,"template":"","format":"standard","meta":{"footnotes":""},"categories":[4],"tags":[],"class_list":["post-5656","post","type-post","status-publish","format-standard","hentry","category-aktualnosci"],"_links":{"self":[{"href":"https:\/\/www.ptmyk.pl\/index.php?rest_route=\/wp\/v2\/posts\/5656","targetHints":{"allow":["GET"]}}],"collection":[{"href":"https:\/\/www.ptmyk.pl\/index.php?rest_route=\/wp\/v2\/posts"}],"about":[{"href":"https:\/\/www.ptmyk.pl\/index.php?rest_route=\/wp\/v2\/types\/post"}],"author":[{"embeddable":true,"href":"https:\/\/www.ptmyk.pl\/index.php?rest_route=\/wp\/v2\/users\/1"}],"replies":[{"embeddable":true,"href":"https:\/\/www.ptmyk.pl\/index.php?rest_route=%2Fwp%2Fv2%2Fcomments&post=5656"}],"version-history":[{"count":1,"href":"https:\/\/www.ptmyk.pl\/index.php?rest_route=\/wp\/v2\/posts\/5656\/revisions"}],"predecessor-version":[{"id":5657,"href":"https:\/\/www.ptmyk.pl\/index.php?rest_route=\/wp\/v2\/posts\/5656\/revisions\/5657"}],"wp:attachment":[{"href":"https:\/\/www.ptmyk.pl\/index.php?rest_route=%2Fwp%2Fv2%2Fmedia&parent=5656"}],"wp:term":[{"taxonomy":"category","embeddable":true,"href":"https:\/\/www.ptmyk.pl\/index.php?rest_route=%2Fwp%2Fv2%2Fcategories&post=5656"},{"taxonomy":"post_tag","embeddable":true,"href":"https:\/\/www.ptmyk.pl\/index.php?rest_route=%2Fwp%2Fv2%2Ftags&post=5656"}],"curies":[{"name":"wp","href":"https:\/\/api.w.org\/{rel}","templated":true}]}}