{"id":5469,"date":"2024-02-09T12:25:48","date_gmt":"2024-02-09T11:25:48","guid":{"rendered":"https:\/\/www.ptmyk.pl\/?p=5469"},"modified":"2024-02-09T12:25:48","modified_gmt":"2024-02-09T11:25:48","slug":"centrum-edukacji-przyrodniczo-lesnej-lzd-sggw-rogowie-zaprasza-do-udzialu-w-18-konferencji-z-cyklu-aktywne-metody-ochrony-przyrody-w-zrownowazonym-lesnictwie","status":"publish","type":"post","link":"https:\/\/www.ptmyk.pl\/?p=5469","title":{"rendered":"Centrum Edukacji Przyrodniczo-Le\u015bnej LZD SGGW Rogowie zaprasza do udzia\u0142u w 18 konferencji z cyklu Aktywne Metody Ochrony Przyrody w Zr\u00f3wnowa\u017conym Le\u015bnictwie."},"content":{"rendered":"\n<p>Temat przewodni tegorocznej konferencji brzmi:<\/p>\n\n\n\n<p><strong>JAK, GDZIE I DLACZEGO WYZNACZA\u0106 OBSZARY CENNE PRZYRODNICZO I WA\u017bNE SPO\u0141ECZNIE?<\/strong><br>Konferencja ma charakter otwarty. Po\u015bwi\u0119cona jest wskazaniu i wzmocnieniu ochrony obszar\u00f3w przyrodniczo-cennych i wa\u017cnych spo\u0142ecznie. Ma charakter og\u00f3lnopolskiego forum wymiany do\u015bwiadcze\u0144 i pogl\u0105d\u00f3w w tym zakresie. Przeznaczona jest dla pracownik\u00f3w Las\u00f3w Pa\u0144stwowych, regionalnych dyrekcji ochrony \u015brodowiska, park\u00f3w narodowych i krajobrazowych, \u015brodowisk naukowych, instytucji i urz\u0119d\u00f3w publicznych, prywatnych i instytucjonalnych zarz\u0105dc\u00f3w las\u00f3w, organizacji pozarz\u0105dowych oraz wszystkich zainteresowanych ochron\u0105 przyrody w lasach.<br><br>Termin:\u00a0<strong>16-17 kwietnia 2024 r.<\/strong><br><br>Szczeg\u00f3\u0142owe informacje dost\u0119pne s\u0105 na stronie internetowej:\u00a0<a rel=\"noreferrer noopener\" href=\"https:\/\/cepl.sggw.edu.pl\/18_amop\/\" target=\"_blank\">https:\/\/cepl.sggw.edu.pl\/18_amop\/<\/a><\/p>\n","protected":false},"excerpt":{"rendered":"<p>Temat przewodni tegorocznej konferencji brzmi: JAK, GDZIE I DLACZEGO WYZNACZA\u0106 OBSZARY CENNE PRZYRODNICZO I WA\u017bNE SPO\u0141ECZNIE?Konferencja ma charakter otwarty. Po\u015bwi\u0119cona jest wskazaniu i wzmocnieniu ochrony obszar\u00f3w przyrodniczo-cennych i wa\u017cnych spo\u0142ecznie. Ma charakter og\u00f3lnopolskiego forum wymiany do\u015bwiadcze\u0144 i pogl\u0105d\u00f3w w tym &hellip; <a href=\"https:\/\/www.ptmyk.pl\/?p=5469\">Czytaj dalej <span class=\"meta-nav\">&rarr;<\/span><\/a><\/p>\n","protected":false},"author":1,"featured_media":0,"comment_status":"closed","ping_status":"closed","sticky":false,"template":"","format":"standard","meta":{"footnotes":""},"categories":[4],"tags":[],"class_list":["post-5469","post","type-post","status-publish","format-standard","hentry","category-aktualnosci"],"_links":{"self":[{"href":"https:\/\/www.ptmyk.pl\/index.php?rest_route=\/wp\/v2\/posts\/5469","targetHints":{"allow":["GET"]}}],"collection":[{"href":"https:\/\/www.ptmyk.pl\/index.php?rest_route=\/wp\/v2\/posts"}],"about":[{"href":"https:\/\/www.ptmyk.pl\/index.php?rest_route=\/wp\/v2\/types\/post"}],"author":[{"embeddable":true,"href":"https:\/\/www.ptmyk.pl\/index.php?rest_route=\/wp\/v2\/users\/1"}],"replies":[{"embeddable":true,"href":"https:\/\/www.ptmyk.pl\/index.php?rest_route=%2Fwp%2Fv2%2Fcomments&post=5469"}],"version-history":[{"count":1,"href":"https:\/\/www.ptmyk.pl\/index.php?rest_route=\/wp\/v2\/posts\/5469\/revisions"}],"predecessor-version":[{"id":5470,"href":"https:\/\/www.ptmyk.pl\/index.php?rest_route=\/wp\/v2\/posts\/5469\/revisions\/5470"}],"wp:attachment":[{"href":"https:\/\/www.ptmyk.pl\/index.php?rest_route=%2Fwp%2Fv2%2Fmedia&parent=5469"}],"wp:term":[{"taxonomy":"category","embeddable":true,"href":"https:\/\/www.ptmyk.pl\/index.php?rest_route=%2Fwp%2Fv2%2Fcategories&post=5469"},{"taxonomy":"post_tag","embeddable":true,"href":"https:\/\/www.ptmyk.pl\/index.php?rest_route=%2Fwp%2Fv2%2Ftags&post=5469"}],"curies":[{"name":"wp","href":"https:\/\/api.w.org\/{rel}","templated":true}]}}