{"id":5453,"date":"2024-02-05T13:50:41","date_gmt":"2024-02-05T12:50:41","guid":{"rendered":"https:\/\/www.ptmyk.pl\/?p=5453"},"modified":"2024-12-05T21:50:00","modified_gmt":"2024-12-05T20:50:00","slug":"iv-ogolnopolska-konferencja-polskiego-towarzystwa-mykologicznego-lublin-20-22-wrzesnia-2024-roku-komunikat-i","status":"publish","type":"post","link":"https:\/\/www.ptmyk.pl\/?p=5453","title":{"rendered":"IV Og\u00f3lnopolska Konferencja Polskiego Towarzystwa Mykologicznego, Lublin, 20-22 wrze\u015bnia 2024 roku &#8211; komunikat I"},"content":{"rendered":"\n<p>Serdecznie zapraszamy Pa\u0144stwa do wzi\u0119cia udzia\u0142u w <strong>IV Og\u00f3lnopolskiej Konferencji Polskiego Towarzystwa Mykologicznego<\/strong>, po\u0142\u0105czonej z <strong>Walnym Zgromadzeniem PTMyk<\/strong>. Konferencja odb\u0119dzie si\u0119 w dniach <strong>20-22 wrze\u015bnia 2024 roku w Lublinie<\/strong>. Organizatorami tegorocznej Konferencji s\u0105 Instytut Agrofizyki im. Bohdana Dobrza\u0144skiego Polskiej Akademii Nauk, Uniwersytet Marii Curie-Sk\u0142odowskiej oraz Polskie Towarzystwo Mykologiczne.<\/p>\n\n\n\n<p>Konferencja realizowana jest w ramach projektu dofinansowanego ze \u015brodk\u00f3w bud\u017cetu pa\u0144stwa, przyznanych przez Ministra Nauki i Szkolnictwa Wy\u017cszego w ramach Programu \u201eDoskona\u0142a nauka II\u201d \u2013 nr projektu KONF\/SP\/0166\/2023\/01 \u2013 kwota dofinansowania 137 800,00 z\u0142, ca\u0142kowita warto\u015b\u0107 projektu 153 800,00 z\u0142.<\/p>\n\n\n\n<p>Wszystkie szczeg\u00f3\u0142y znajdziecie Pa\u0144stwo w za\u0142\u0105cznikach:<\/p>\n\n\n\n<p><a href=\"https:\/\/www.ptmyk.pl\/wp-content\/uploads\/2024\/02\/Komunikat-I_04_02_2024_.pdf\">KOMUNIKAT I<\/a><br><a href=\"https:\/\/www.ptmyk.pl\/wp-content\/uploads\/2024\/02\/Zalacznik-nr-1_karta_zgloszenia_korekta.docx\">Za\u0142\u0105cznik 1<\/a><br><a href=\"https:\/\/www.ptmyk.pl\/wp-content\/uploads\/2024\/02\/Zalacznik-nr-2_zgoda-na-przetwarzanie-danych_klauzula-informacyjna_korekta.docx\">Za\u0142\u0105cznik 2<\/a><br><a href=\"https:\/\/www.ptmyk.pl\/wp-content\/uploads\/2024\/06\/Zalacznik-nr-3_wzor-streszczenia.doc\" data-type=\"URL\" data-id=\"https:\/\/www.ptmyk.pl\/wp-content\/uploads\/2024\/06\/Zalacznik-nr-3_wzor-streszczenia.doc\">Za\u0142\u0105cznik 3<\/a><\/p>\n","protected":false},"excerpt":{"rendered":"<p>Serdecznie zapraszamy Pa\u0144stwa do wzi\u0119cia udzia\u0142u w IV Og\u00f3lnopolskiej Konferencji Polskiego Towarzystwa Mykologicznego, po\u0142\u0105czonej z Walnym Zgromadzeniem PTMyk. Konferencja odb\u0119dzie si\u0119 w dniach 20-22 wrze\u015bnia 2024 roku w Lublinie. Organizatorami tegorocznej Konferencji s\u0105 Instytut Agrofizyki im. Bohdana Dobrza\u0144skiego Polskiej Akademii &hellip; <a href=\"https:\/\/www.ptmyk.pl\/?p=5453\">Czytaj dalej <span class=\"meta-nav\">&rarr;<\/span><\/a><\/p>\n","protected":false},"author":1,"featured_media":0,"comment_status":"closed","ping_status":"closed","sticky":false,"template":"","format":"standard","meta":{"footnotes":""},"categories":[4],"tags":[],"class_list":["post-5453","post","type-post","status-publish","format-standard","hentry","category-aktualnosci"],"_links":{"self":[{"href":"https:\/\/www.ptmyk.pl\/index.php?rest_route=\/wp\/v2\/posts\/5453","targetHints":{"allow":["GET"]}}],"collection":[{"href":"https:\/\/www.ptmyk.pl\/index.php?rest_route=\/wp\/v2\/posts"}],"about":[{"href":"https:\/\/www.ptmyk.pl\/index.php?rest_route=\/wp\/v2\/types\/post"}],"author":[{"embeddable":true,"href":"https:\/\/www.ptmyk.pl\/index.php?rest_route=\/wp\/v2\/users\/1"}],"replies":[{"embeddable":true,"href":"https:\/\/www.ptmyk.pl\/index.php?rest_route=%2Fwp%2Fv2%2Fcomments&post=5453"}],"version-history":[{"count":3,"href":"https:\/\/www.ptmyk.pl\/index.php?rest_route=\/wp\/v2\/posts\/5453\/revisions"}],"predecessor-version":[{"id":5611,"href":"https:\/\/www.ptmyk.pl\/index.php?rest_route=\/wp\/v2\/posts\/5453\/revisions\/5611"}],"wp:attachment":[{"href":"https:\/\/www.ptmyk.pl\/index.php?rest_route=%2Fwp%2Fv2%2Fmedia&parent=5453"}],"wp:term":[{"taxonomy":"category","embeddable":true,"href":"https:\/\/www.ptmyk.pl\/index.php?rest_route=%2Fwp%2Fv2%2Fcategories&post=5453"},{"taxonomy":"post_tag","embeddable":true,"href":"https:\/\/www.ptmyk.pl\/index.php?rest_route=%2Fwp%2Fv2%2Ftags&post=5453"}],"curies":[{"name":"wp","href":"https:\/\/api.w.org\/{rel}","templated":true}]}}