{"id":5360,"date":"2023-10-16T11:04:06","date_gmt":"2023-10-16T09:04:06","guid":{"rendered":"https:\/\/www.ptmyk.pl\/?p=5360"},"modified":"2023-10-16T11:04:06","modified_gmt":"2023-10-16T09:04:06","slug":"znany-jest-termin-ogolnopolskiego-sympozjum-mikrobiologiczne-metagenomy-roznych-srodowisk","status":"publish","type":"post","link":"https:\/\/www.ptmyk.pl\/?p=5360","title":{"rendered":"Znany jest termin Og\u00f3lnopolskiego Sympozjum Mikrobiologiczne &#8222;METAGENOMY R\u00d3\u017bNYCH \u015aRODOWISK&#8221;"},"content":{"rendered":"\n<p>Mi\u0142o nam poinformowa\u0107, \u017ce po uwzgl\u0119dnieniu Pa\u0144stwa sugestii aby termin kolejnej edycji\u00a0<strong>Og\u00f3lnopolskiego Sympozjum Mikrobiologicznego \u201eMETAGENOMY R\u00d3\u017bNYCH \u015aRODOWISK\u201d<\/strong>\u00a0nie kolidowa\u0142 z zako\u0144czeniem roku szkolnego, zosta\u0142 on ustalony na\u00a0<strong>17-18.06.2024 r<\/strong>. (poniedzia\u0142ek-wtorek). Obrady b\u0119d\u0105 si\u0119 odbywa\u0107 w budynku Centrum Transferu Wiedzy KUL przy ul. Radziszewskiego 7 w Lublinie.<br><br>Zach\u0119camy ju\u017c teraz aby zarezerwowali sobie Pa\u0144stwo czas i wpisali ten termin do swoich kalendarzy.<br><br>Mi\u0142o nam r\u00f3wnie\u017c poinformowa\u0107, \u017ce konferencja uzyska\u0142a dofinansowanie z MEiN w ramach programu Doskona\u0142a Nauka II, dzi\u0119ki czemu op\u0142aty konferencyjne zostan\u0105 utrzymane na dotychczasowym poziomie, tj. 350 z\u0142 dla doktorant\u00f3w i student\u00f3w oraz 500 z\u0142 dla pozosta\u0142ych uczestnik\u00f3w.<br><br>Jednocze\u015bnie informujemy, \u017ce istnieje ju\u017c profil naszej konferencji na Facebooku \u2013\u00a0<a rel=\"noreferrer noopener\" href=\"https:\/\/www.facebook.com\/Metagenomy2018\" target=\"_blank\"><strong>Metagenomy r\u00f3\u017cnych \u015brodowisk na KUL<\/strong><\/a>.<br><br>Zach\u0119camy do polubienia profilu i jego regularnego odwiedzania celem \u015bledzenia aktualizacji konferencyjnych.<br><br>Szczeg\u00f3\u0142owe informacje b\u0119dziemy przesy\u0142a\u0107 do Pa\u0144stwa w formie kolejnych komunikat\u00f3w.<br><br>Do zobaczenia w czerwcu, w Lublinie \ud83d\ude42<\/p>\n","protected":false},"excerpt":{"rendered":"<p>Mi\u0142o nam poinformowa\u0107, \u017ce po uwzgl\u0119dnieniu Pa\u0144stwa sugestii aby termin kolejnej edycji\u00a0Og\u00f3lnopolskiego Sympozjum Mikrobiologicznego \u201eMETAGENOMY R\u00d3\u017bNYCH \u015aRODOWISK\u201d\u00a0nie kolidowa\u0142 z zako\u0144czeniem roku szkolnego, zosta\u0142 on ustalony na\u00a017-18.06.2024 r. (poniedzia\u0142ek-wtorek). Obrady b\u0119d\u0105 si\u0119 odbywa\u0107 w budynku Centrum Transferu Wiedzy KUL przy ul. &hellip; <a href=\"https:\/\/www.ptmyk.pl\/?p=5360\">Czytaj dalej <span class=\"meta-nav\">&rarr;<\/span><\/a><\/p>\n","protected":false},"author":1,"featured_media":0,"comment_status":"closed","ping_status":"closed","sticky":false,"template":"","format":"standard","meta":{"footnotes":""},"categories":[4],"tags":[],"class_list":["post-5360","post","type-post","status-publish","format-standard","hentry","category-aktualnosci"],"_links":{"self":[{"href":"https:\/\/www.ptmyk.pl\/index.php?rest_route=\/wp\/v2\/posts\/5360","targetHints":{"allow":["GET"]}}],"collection":[{"href":"https:\/\/www.ptmyk.pl\/index.php?rest_route=\/wp\/v2\/posts"}],"about":[{"href":"https:\/\/www.ptmyk.pl\/index.php?rest_route=\/wp\/v2\/types\/post"}],"author":[{"embeddable":true,"href":"https:\/\/www.ptmyk.pl\/index.php?rest_route=\/wp\/v2\/users\/1"}],"replies":[{"embeddable":true,"href":"https:\/\/www.ptmyk.pl\/index.php?rest_route=%2Fwp%2Fv2%2Fcomments&post=5360"}],"version-history":[{"count":1,"href":"https:\/\/www.ptmyk.pl\/index.php?rest_route=\/wp\/v2\/posts\/5360\/revisions"}],"predecessor-version":[{"id":5361,"href":"https:\/\/www.ptmyk.pl\/index.php?rest_route=\/wp\/v2\/posts\/5360\/revisions\/5361"}],"wp:attachment":[{"href":"https:\/\/www.ptmyk.pl\/index.php?rest_route=%2Fwp%2Fv2%2Fmedia&parent=5360"}],"wp:term":[{"taxonomy":"category","embeddable":true,"href":"https:\/\/www.ptmyk.pl\/index.php?rest_route=%2Fwp%2Fv2%2Fcategories&post=5360"},{"taxonomy":"post_tag","embeddable":true,"href":"https:\/\/www.ptmyk.pl\/index.php?rest_route=%2Fwp%2Fv2%2Ftags&post=5360"}],"curies":[{"name":"wp","href":"https:\/\/api.w.org\/{rel}","templated":true}]}}