{"id":5356,"date":"2023-10-12T22:23:57","date_gmt":"2023-10-12T20:23:57","guid":{"rendered":"https:\/\/www.ptmyk.pl\/?p=5356"},"modified":"2023-10-13T10:45:46","modified_gmt":"2023-10-13T08:45:46","slug":"serdecznie-zapraszamy-na-kolejne-webinarium-sekcji-mykologia-medyczna-24-10-2023r-o-godz-18-30","status":"publish","type":"post","link":"https:\/\/www.ptmyk.pl\/?p=5356","title":{"rendered":"Serdecznie zapraszamy na kolejne z cyklu webinari\u00f3w organizowanych przez Sekcj\u0119 Mykologia Medyczna Polskiego Towarzystwa Mykologicznego."},"content":{"rendered":"\n<p>Webinarium odb\u0119dzie si\u0119 24 pa\u017adziernika 2023 (wtorek) o godzinie 18.30 na platformie MS Teams.<br>Wyk\u0142ad pt. ,,60 Dni min\u0119\u0142o jak\u2026..\u201d &#8211; wyg\u0142osi dr Anna W\u00f3jcik z Zak\u0142adu Biomedycyny i Genetyki, Katedry Biologii i Mikrobiologii Medycznej, Uniwersytetu Medycznego w \u0141odzi.<\/p>\n\n\n\n<figure class=\"wp-block-image size-large is-resized\"><a href=\"https:\/\/www.ptmyk.pl\/wp-content\/uploads\/2023\/10\/Zaproszenie-na-webinarium-24.10.2023.jpg\"><img loading=\"lazy\" decoding=\"async\" src=\"https:\/\/www.ptmyk.pl\/wp-content\/uploads\/2023\/10\/Zaproszenie-na-webinarium-24.10.2023-1024x557.jpg\" alt=\"\" class=\"wp-image-5354\" width=\"512\" height=\"279\" srcset=\"https:\/\/www.ptmyk.pl\/wp-content\/uploads\/2023\/10\/Zaproszenie-na-webinarium-24.10.2023-1024x557.jpg 1024w, https:\/\/www.ptmyk.pl\/wp-content\/uploads\/2023\/10\/Zaproszenie-na-webinarium-24.10.2023-300x163.jpg 300w, https:\/\/www.ptmyk.pl\/wp-content\/uploads\/2023\/10\/Zaproszenie-na-webinarium-24.10.2023-768x418.jpg 768w, https:\/\/www.ptmyk.pl\/wp-content\/uploads\/2023\/10\/Zaproszenie-na-webinarium-24.10.2023.jpg 1323w\" sizes=\"auto, (max-width: 512px) 100vw, 512px\" \/><\/a><\/figure>\n\n\n\n<p><a href=\"https:\/\/www.ptmyk.pl\/wp-content\/uploads\/2023\/10\/Zaproszenie-na-webinarium-24.10.2023.pdf\">PDF<\/a><\/p>\n","protected":false},"excerpt":{"rendered":"<p>Webinarium odb\u0119dzie si\u0119 24 pa\u017adziernika 2023 (wtorek) o godzinie 18.30 na platformie MS Teams.Wyk\u0142ad pt. ,,60 Dni min\u0119\u0142o jak\u2026..\u201d &#8211; wyg\u0142osi dr Anna W\u00f3jcik z Zak\u0142adu Biomedycyny i Genetyki, Katedry Biologii i Mikrobiologii Medycznej, Uniwersytetu Medycznego w \u0141odzi. PDF<\/p>\n","protected":false},"author":1,"featured_media":0,"comment_status":"closed","ping_status":"closed","sticky":false,"template":"","format":"standard","meta":{"footnotes":""},"categories":[4],"tags":[],"class_list":["post-5356","post","type-post","status-publish","format-standard","hentry","category-aktualnosci"],"_links":{"self":[{"href":"https:\/\/www.ptmyk.pl\/index.php?rest_route=\/wp\/v2\/posts\/5356","targetHints":{"allow":["GET"]}}],"collection":[{"href":"https:\/\/www.ptmyk.pl\/index.php?rest_route=\/wp\/v2\/posts"}],"about":[{"href":"https:\/\/www.ptmyk.pl\/index.php?rest_route=\/wp\/v2\/types\/post"}],"author":[{"embeddable":true,"href":"https:\/\/www.ptmyk.pl\/index.php?rest_route=\/wp\/v2\/users\/1"}],"replies":[{"embeddable":true,"href":"https:\/\/www.ptmyk.pl\/index.php?rest_route=%2Fwp%2Fv2%2Fcomments&post=5356"}],"version-history":[{"count":2,"href":"https:\/\/www.ptmyk.pl\/index.php?rest_route=\/wp\/v2\/posts\/5356\/revisions"}],"predecessor-version":[{"id":5358,"href":"https:\/\/www.ptmyk.pl\/index.php?rest_route=\/wp\/v2\/posts\/5356\/revisions\/5358"}],"wp:attachment":[{"href":"https:\/\/www.ptmyk.pl\/index.php?rest_route=%2Fwp%2Fv2%2Fmedia&parent=5356"}],"wp:term":[{"taxonomy":"category","embeddable":true,"href":"https:\/\/www.ptmyk.pl\/index.php?rest_route=%2Fwp%2Fv2%2Fcategories&post=5356"},{"taxonomy":"post_tag","embeddable":true,"href":"https:\/\/www.ptmyk.pl\/index.php?rest_route=%2Fwp%2Fv2%2Ftags&post=5356"}],"curies":[{"name":"wp","href":"https:\/\/api.w.org\/{rel}","templated":true}]}}