{"id":4564,"date":"2021-11-17T10:06:31","date_gmt":"2021-11-17T09:06:31","guid":{"rendered":"https:\/\/www.ptmyk.pl\/?p=4564"},"modified":"2021-11-17T10:07:22","modified_gmt":"2021-11-17T09:07:22","slug":"relacja-z-debaty-pt-przyszlosc-i-funkcje-lasow-w-kontekscie-zmian-klimatycznych-i-ochrony-bioroznorodnosci","status":"publish","type":"post","link":"https:\/\/www.ptmyk.pl\/?p=4564","title":{"rendered":"Relacja z debaty pt. Przysz\u0142o\u015b\u0107 i funkcje las\u00f3w w kontek\u015bcie zmian klimatycznych i ochrony bior\u00f3\u017cnorodno\u015bci"},"content":{"rendered":"\n<p>W dniu 3 listopada 2021 odby\u0142a si\u0119 debata Komitetu Biologii \u015arodowiskowej i Ewolucyjnej PAN oraz Komitetu Nauk Le\u015bnych i Technologii Drewna PAN pt.<strong> Przysz\u0142o\u015b\u0107 i funkcje las\u00f3w w kontek\u015bcie zmian klimatycznych i ochrony bior\u00f3\u017cnorodno\u015bci <\/strong><a href=\"https:\/\/informacje.pan.pl\/index.php\/informacje\/materialy-dla-prasy\/3481-komitety-pan-wspolnie-o-unijnej-strategii-na-rzecz-bioroznorodnosci-2030\">https:\/\/informacje.pan.pl\/index.php\/informacje\/materialy-dla-prasy\/3481-komitety-pan-wspolnie-o-unijnej-strategii-na-rzecz-bioroznorodnosci-2030<\/a>. Zach\u0119camy do zapoznania si\u0119 z jej przebiegiem udost\u0119pnionym na stronie PAN: <a href=\"https:\/\/www.youtube.com\/playlist?list=PLR5r2UnXbA_eZjqAEUKCTJ_j7buSYvWYC\">https:\/\/www.youtube.com\/playlist?list=PLR5r2UnXbA_eZjqAEUKCTJ_j7buSYvWYC<\/a><\/p>\n","protected":false},"excerpt":{"rendered":"<p>W dniu 3 listopada 2021 odby\u0142a si\u0119 debata Komitetu Biologii \u015arodowiskowej i Ewolucyjnej PAN oraz Komitetu Nauk Le\u015bnych i Technologii Drewna PAN pt. Przysz\u0142o\u015b\u0107 i funkcje las\u00f3w w kontek\u015bcie zmian klimatycznych i ochrony bior\u00f3\u017cnorodno\u015bci https:\/\/informacje.pan.pl\/index.php\/informacje\/materialy-dla-prasy\/3481-komitety-pan-wspolnie-o-unijnej-strategii-na-rzecz-bioroznorodnosci-2030. Zach\u0119camy do zapoznania si\u0119 z &hellip; <a href=\"https:\/\/www.ptmyk.pl\/?p=4564\">Czytaj dalej <span class=\"meta-nav\">&rarr;<\/span><\/a><\/p>\n","protected":false},"author":1,"featured_media":0,"comment_status":"closed","ping_status":"closed","sticky":false,"template":"","format":"standard","meta":{"footnotes":""},"categories":[4,10],"tags":[],"class_list":["post-4564","post","type-post","status-publish","format-standard","hentry","category-aktualnosci","category-sekcja-roznorodnosc-i-ochrona-grzybow"],"_links":{"self":[{"href":"https:\/\/www.ptmyk.pl\/index.php?rest_route=\/wp\/v2\/posts\/4564","targetHints":{"allow":["GET"]}}],"collection":[{"href":"https:\/\/www.ptmyk.pl\/index.php?rest_route=\/wp\/v2\/posts"}],"about":[{"href":"https:\/\/www.ptmyk.pl\/index.php?rest_route=\/wp\/v2\/types\/post"}],"author":[{"embeddable":true,"href":"https:\/\/www.ptmyk.pl\/index.php?rest_route=\/wp\/v2\/users\/1"}],"replies":[{"embeddable":true,"href":"https:\/\/www.ptmyk.pl\/index.php?rest_route=%2Fwp%2Fv2%2Fcomments&post=4564"}],"version-history":[{"count":1,"href":"https:\/\/www.ptmyk.pl\/index.php?rest_route=\/wp\/v2\/posts\/4564\/revisions"}],"predecessor-version":[{"id":4565,"href":"https:\/\/www.ptmyk.pl\/index.php?rest_route=\/wp\/v2\/posts\/4564\/revisions\/4565"}],"wp:attachment":[{"href":"https:\/\/www.ptmyk.pl\/index.php?rest_route=%2Fwp%2Fv2%2Fmedia&parent=4564"}],"wp:term":[{"taxonomy":"category","embeddable":true,"href":"https:\/\/www.ptmyk.pl\/index.php?rest_route=%2Fwp%2Fv2%2Fcategories&post=4564"},{"taxonomy":"post_tag","embeddable":true,"href":"https:\/\/www.ptmyk.pl\/index.php?rest_route=%2Fwp%2Fv2%2Ftags&post=4564"}],"curies":[{"name":"wp","href":"https:\/\/api.w.org\/{rel}","templated":true}]}}