{"id":3887,"date":"2020-05-14T21:51:09","date_gmt":"2020-05-14T19:51:09","guid":{"rendered":"https:\/\/www.ptmyk.pl\/?p=3887"},"modified":"2020-05-14T21:51:09","modified_gmt":"2020-05-14T19:51:09","slug":"grej-widoczny-w-gbif","status":"publish","type":"post","link":"https:\/\/www.ptmyk.pl\/?p=3887","title":{"rendered":"GREJ widoczny w GBIF"},"content":{"rendered":"\n<p>Z przyjemno\u015bci\u0105 i dum\u0105 informujemy, \u017ce po kilku miesi\u0105cach pracy wielu os\u00f3b  uda\u0142o si\u0119 udost\u0119pni\u0107 dane zebrane w polskim <a rel=\"noreferrer noopener\" href=\"https:\/\/www.bio-forum.pl\/messages\/7259\/7259.html\" target=\"_blank\">&#8222;Rejestrze gatunk\u00f3w grzyb\u00f3w chronionych i zagro\u017conych&#8221; (GREJ)<\/a> do <a rel=\"noreferrer noopener\" href=\"https:\/\/www.gbif.org\/\" target=\"_blank\">Global Biodiversity Information Facility (GBIF)<\/a>. Od wtorku Polska przesta\u0142a by\u0107 &#8222;bia\u0142\u0105 plam\u0105&#8221; na europejskiej mapie wyst\u0105pie\u0144 grzyb\u00f3w. Zach\u0119camy do odwiedzenia strony: <a rel=\"noreferrer noopener\" href=\"https:\/\/www.gbif.org\/dataset\/05db3ca4-e534-4a91-abcd-f6bfdd2989ad\" target=\"_blank\">https:\/\/www.gbif.org\/dataset\/05db3ca4-e534-4a91-abcd-f6bfdd2989ad<\/a>. Dzi\u0119kujemy wszystkim osobom zaanga\u017cowanym w to przedsi\u0119wzi\u0119cie!<\/p>\n\n\n\n<p> <\/p>\n","protected":false},"excerpt":{"rendered":"<p>Z przyjemno\u015bci\u0105 i dum\u0105 informujemy, \u017ce po kilku miesi\u0105cach pracy wielu os\u00f3b uda\u0142o si\u0119 udost\u0119pni\u0107 dane zebrane w polskim &#8222;Rejestrze gatunk\u00f3w grzyb\u00f3w chronionych i zagro\u017conych&#8221; (GREJ) do Global Biodiversity Information Facility (GBIF). Od wtorku Polska przesta\u0142a by\u0107 &#8222;bia\u0142\u0105 plam\u0105&#8221; na &hellip; <a href=\"https:\/\/www.ptmyk.pl\/?p=3887\">Czytaj dalej <span class=\"meta-nav\">&rarr;<\/span><\/a><\/p>\n","protected":false},"author":1,"featured_media":0,"comment_status":"closed","ping_status":"closed","sticky":false,"template":"","format":"standard","meta":{"footnotes":""},"categories":[4,10],"tags":[],"class_list":["post-3887","post","type-post","status-publish","format-standard","hentry","category-aktualnosci","category-sekcja-roznorodnosc-i-ochrona-grzybow"],"_links":{"self":[{"href":"https:\/\/www.ptmyk.pl\/index.php?rest_route=\/wp\/v2\/posts\/3887","targetHints":{"allow":["GET"]}}],"collection":[{"href":"https:\/\/www.ptmyk.pl\/index.php?rest_route=\/wp\/v2\/posts"}],"about":[{"href":"https:\/\/www.ptmyk.pl\/index.php?rest_route=\/wp\/v2\/types\/post"}],"author":[{"embeddable":true,"href":"https:\/\/www.ptmyk.pl\/index.php?rest_route=\/wp\/v2\/users\/1"}],"replies":[{"embeddable":true,"href":"https:\/\/www.ptmyk.pl\/index.php?rest_route=%2Fwp%2Fv2%2Fcomments&post=3887"}],"version-history":[{"count":1,"href":"https:\/\/www.ptmyk.pl\/index.php?rest_route=\/wp\/v2\/posts\/3887\/revisions"}],"predecessor-version":[{"id":3888,"href":"https:\/\/www.ptmyk.pl\/index.php?rest_route=\/wp\/v2\/posts\/3887\/revisions\/3888"}],"wp:attachment":[{"href":"https:\/\/www.ptmyk.pl\/index.php?rest_route=%2Fwp%2Fv2%2Fmedia&parent=3887"}],"wp:term":[{"taxonomy":"category","embeddable":true,"href":"https:\/\/www.ptmyk.pl\/index.php?rest_route=%2Fwp%2Fv2%2Fcategories&post=3887"},{"taxonomy":"post_tag","embeddable":true,"href":"https:\/\/www.ptmyk.pl\/index.php?rest_route=%2Fwp%2Fv2%2Ftags&post=3887"}],"curies":[{"name":"wp","href":"https:\/\/api.w.org\/{rel}","templated":true}]}}