{"id":3872,"date":"2020-03-26T13:09:19","date_gmt":"2020-03-26T12:09:19","guid":{"rendered":"https:\/\/www.ptmyk.pl\/?p=3872"},"modified":"2020-03-26T13:09:54","modified_gmt":"2020-03-26T12:09:54","slug":"ogolnopolska-konferencja-mykologow-krakow-7-10-wrzesnia-2020-2","status":"publish","type":"post","link":"https:\/\/www.ptmyk.pl\/?p=3872","title":{"rendered":"Og\u00f3lnopolska Konferencja Mykolog\u00f3w, Krak\u00f3w, 7-10 wrze\u015bnia 2020"},"content":{"rendered":"\n<p>Szanowni Pa\u0144stwo,<br>Komitet Organizacyjny Og\u00f3lnopolskiej Konferencji Mykolog\u00f3w pragnie poinformowa\u0107, \u017ce rejestracja oraz przesy\u0142anie streszcze\u0144 na Og\u00f3lnopolsk\u0105 Konferencj\u0119 Mykolog\u00f3w jest ju\u017c mo\u017cliwe.<br> Przypominamy jednocze\u015bnie, \u017ce w pierwszym dniu konferencji (<strong>7.9.2020<\/strong>) odb\u0119dzie si\u0119 <strong>Walne Zgromadzenie<\/strong> cz\u0142onk\u00f3w Polskiego Towarzystwa Mykolog\u00f3w (osoby, kt\u00f3re nie<br> b\u0119d\u0105 bra\u0142y udzia\u0142u w konferencji, a planuj\u0105 udzia\u0142 jedynie w zgromadzeniu, r\u00f3wnie\u017c s\u0105<br> proszone o zarejestrowanie si\u0119). W ostatnim dniu konferencji planowane s\u0105 warsztaty<br> po\u015bwi\u0119cone identyfikacji Macromycetes i \u015bluzowc\u00f3w po\u0142\u0105czone z wyjazdem terenowym do lasu w Gorcach, natomiast ch\u0119tnych diagnost\u00f3w laboratoryjnych i lekarzy zapraszamy na warsztaty po\u015bwi\u0119cone diagnostyce grzybic paznokci. Ze wzgl\u0119d\u00f3w organizacyjnych<br> liczba uczestnik\u00f3w warsztat\u00f3w jest ograniczona.<br> Uczestnicy chc\u0105cy zaprezentowa\u0107 swoje prace znajd\u0105 w panelu rejestracyjnym<br> s\u0142owa kluczowe umo\u017cliwiaj\u0105ce przyporz\u0105dkowanie abstrakt\u00f3w do planowanych sesji.<br> Ze wzgl\u0119du na ograniczon\u0105 powierzchni\u0119 wystawow\u0105, ka\u017cdy uczestnik mo\u017ce<br> przedstawi\u0107 tylko 1 prac\u0119. Dok\u0142adny plan konferencji zostanie podany w nast\u0119pnym<br> komunikacie.<br> Wi\u0119cej szczeg\u00f3\u0142\u00f3w mog\u0105 Pa\u0144stwo znale\u017a\u0107 na stronie konferencji w zak\u0142adce \u201eDla uczestnik\u00f3w\u201d oraz w za\u0142\u0105czonym komunikacie II [<a rel=\"noreferrer noopener\" aria-label=\"pobierz plik pdf (otwiera si\u0119 na nowej zak\u0142adce)\" href=\"https:\/\/www.ptmyk.pl\/wp-content\/uploads\/2020\/03\/Komunikat2.pdf\" target=\"_blank\">pobierz plik pdf<\/a>].<\/p>\n\n\n\n<p><\/p>\n","protected":false},"excerpt":{"rendered":"<p>Szanowni Pa\u0144stwo,Komitet Organizacyjny Og\u00f3lnopolskiej Konferencji Mykolog\u00f3w pragnie poinformowa\u0107, \u017ce rejestracja oraz przesy\u0142anie streszcze\u0144 na Og\u00f3lnopolsk\u0105 Konferencj\u0119 Mykolog\u00f3w jest ju\u017c mo\u017cliwe. Przypominamy jednocze\u015bnie, \u017ce w pierwszym dniu konferencji (7.9.2020) odb\u0119dzie si\u0119 Walne Zgromadzenie cz\u0142onk\u00f3w Polskiego Towarzystwa Mykolog\u00f3w (osoby, kt\u00f3re nie b\u0119d\u0105 &hellip; <a href=\"https:\/\/www.ptmyk.pl\/?p=3872\">Czytaj dalej <span class=\"meta-nav\">&rarr;<\/span><\/a><\/p>\n","protected":false},"author":1,"featured_media":0,"comment_status":"closed","ping_status":"closed","sticky":false,"template":"","format":"standard","meta":{"footnotes":""},"categories":[4],"tags":[],"class_list":["post-3872","post","type-post","status-publish","format-standard","hentry","category-aktualnosci"],"_links":{"self":[{"href":"https:\/\/www.ptmyk.pl\/index.php?rest_route=\/wp\/v2\/posts\/3872","targetHints":{"allow":["GET"]}}],"collection":[{"href":"https:\/\/www.ptmyk.pl\/index.php?rest_route=\/wp\/v2\/posts"}],"about":[{"href":"https:\/\/www.ptmyk.pl\/index.php?rest_route=\/wp\/v2\/types\/post"}],"author":[{"embeddable":true,"href":"https:\/\/www.ptmyk.pl\/index.php?rest_route=\/wp\/v2\/users\/1"}],"replies":[{"embeddable":true,"href":"https:\/\/www.ptmyk.pl\/index.php?rest_route=%2Fwp%2Fv2%2Fcomments&post=3872"}],"version-history":[{"count":1,"href":"https:\/\/www.ptmyk.pl\/index.php?rest_route=\/wp\/v2\/posts\/3872\/revisions"}],"predecessor-version":[{"id":3873,"href":"https:\/\/www.ptmyk.pl\/index.php?rest_route=\/wp\/v2\/posts\/3872\/revisions\/3873"}],"wp:attachment":[{"href":"https:\/\/www.ptmyk.pl\/index.php?rest_route=%2Fwp%2Fv2%2Fmedia&parent=3872"}],"wp:term":[{"taxonomy":"category","embeddable":true,"href":"https:\/\/www.ptmyk.pl\/index.php?rest_route=%2Fwp%2Fv2%2Fcategories&post=3872"},{"taxonomy":"post_tag","embeddable":true,"href":"https:\/\/www.ptmyk.pl\/index.php?rest_route=%2Fwp%2Fv2%2Ftags&post=3872"}],"curies":[{"name":"wp","href":"https:\/\/api.w.org\/{rel}","templated":true}]}}