{"id":3818,"date":"2019-12-15T20:41:11","date_gmt":"2019-12-15T19:41:11","guid":{"rendered":"https:\/\/www.ptmyk.pl\/?p=3818"},"modified":"2019-12-15T20:41:36","modified_gmt":"2019-12-15T19:41:36","slug":"zmiana-w-zarzadzie-sekcji-mykologicznej-polskiego-towarzystwa-botanicznego-oddzial-poznan","status":"publish","type":"post","link":"https:\/\/www.ptmyk.pl\/?p=3818","title":{"rendered":"Zmiana w zarz\u0105dzie Sekcji Mykologicznej Polskiego Towarzystwa Botanicznego, Oddzia\u0142 Pozna\u0144"},"content":{"rendered":"\n<p>W dniu 4 grudnia 2019 roku \u00a0na  walnym zebraniu cz\u0142onk\u00f3w Sekcji Mykologicznej Polskiego Towarzystwa  Botanicznego, Oddzia\u0142 Pozna\u0144, odby\u0142y si\u0119 wybory cz\u0142onk\u00f3w zarz\u0105du sekcji.  Przewodnicz\u0105c\u0105 sekcji zosta\u0142a Prof. UAM, dr hab. Marlena Lembicz z UAM w  Poznaniu, funkcj\u0119 sekretarza b\u0119dzie kontynuowa\u0142a dr Anna Kujawa z I\u015aRiL  PAN w Poznaniu. <\/p>\n\n\n\n<p>Wkr\u00f3tce zostanie przedstawiony program spotka\u0144 w nowym semestrze  oraz propozycje innych dzia\u0142a\u0144 w ramach dzia\u0142alno\u015bci sekcji oraz  wsp\u00f3\u0142pracy z Polskim Towarzystwem Mykologicznym.<\/p>\n","protected":false},"excerpt":{"rendered":"<p>W dniu 4 grudnia 2019 roku \u00a0na walnym zebraniu cz\u0142onk\u00f3w Sekcji Mykologicznej Polskiego Towarzystwa Botanicznego, Oddzia\u0142 Pozna\u0144, odby\u0142y si\u0119 wybory cz\u0142onk\u00f3w zarz\u0105du sekcji. Przewodnicz\u0105c\u0105 sekcji zosta\u0142a Prof. UAM, dr hab. Marlena Lembicz z UAM w Poznaniu, funkcj\u0119 sekretarza b\u0119dzie kontynuowa\u0142a &hellip; <a href=\"https:\/\/www.ptmyk.pl\/?p=3818\">Czytaj dalej <span class=\"meta-nav\">&rarr;<\/span><\/a><\/p>\n","protected":false},"author":1,"featured_media":0,"comment_status":"closed","ping_status":"closed","sticky":false,"template":"","format":"standard","meta":{"footnotes":""},"categories":[4],"tags":[],"class_list":["post-3818","post","type-post","status-publish","format-standard","hentry","category-aktualnosci"],"_links":{"self":[{"href":"https:\/\/www.ptmyk.pl\/index.php?rest_route=\/wp\/v2\/posts\/3818","targetHints":{"allow":["GET"]}}],"collection":[{"href":"https:\/\/www.ptmyk.pl\/index.php?rest_route=\/wp\/v2\/posts"}],"about":[{"href":"https:\/\/www.ptmyk.pl\/index.php?rest_route=\/wp\/v2\/types\/post"}],"author":[{"embeddable":true,"href":"https:\/\/www.ptmyk.pl\/index.php?rest_route=\/wp\/v2\/users\/1"}],"replies":[{"embeddable":true,"href":"https:\/\/www.ptmyk.pl\/index.php?rest_route=%2Fwp%2Fv2%2Fcomments&post=3818"}],"version-history":[{"count":2,"href":"https:\/\/www.ptmyk.pl\/index.php?rest_route=\/wp\/v2\/posts\/3818\/revisions"}],"predecessor-version":[{"id":3820,"href":"https:\/\/www.ptmyk.pl\/index.php?rest_route=\/wp\/v2\/posts\/3818\/revisions\/3820"}],"wp:attachment":[{"href":"https:\/\/www.ptmyk.pl\/index.php?rest_route=%2Fwp%2Fv2%2Fmedia&parent=3818"}],"wp:term":[{"taxonomy":"category","embeddable":true,"href":"https:\/\/www.ptmyk.pl\/index.php?rest_route=%2Fwp%2Fv2%2Fcategories&post=3818"},{"taxonomy":"post_tag","embeddable":true,"href":"https:\/\/www.ptmyk.pl\/index.php?rest_route=%2Fwp%2Fv2%2Ftags&post=3818"}],"curies":[{"name":"wp","href":"https:\/\/api.w.org\/{rel}","templated":true}]}}