{"id":3724,"date":"2019-10-15T12:21:43","date_gmt":"2019-10-15T10:21:43","guid":{"rendered":"https:\/\/www.ptmyk.pl\/?p=3724"},"modified":"2019-10-16T08:37:03","modified_gmt":"2019-10-16T06:37:03","slug":"sprawozdanie-z-18-kongresu-europejskich-mykologow","status":"publish","type":"post","link":"https:\/\/www.ptmyk.pl\/?p=3724","title":{"rendered":"sprawozdanie z 18. Kongresu Europejskich Mykolog\u00f3w"},"content":{"rendered":"<p><a href=\"https:\/\/www.ptmyk.pl\/wp-content\/uploads\/2019\/09\/LOGOCEM.png\"><img loading=\"lazy\" decoding=\"async\" class=\" wp-image-3710 alignleft\" src=\"https:\/\/www.ptmyk.pl\/wp-content\/uploads\/2019\/09\/LOGOCEM-265x300.png\" alt=\"\" width=\"132\" height=\"149\" srcset=\"https:\/\/www.ptmyk.pl\/wp-content\/uploads\/2019\/09\/LOGOCEM-265x300.png 265w, https:\/\/www.ptmyk.pl\/wp-content\/uploads\/2019\/09\/LOGOCEM.png 454w\" sizes=\"auto, (max-width: 132px) 100vw, 132px\" \/><\/a>W dniach 15 &#8211; 21 wrze\u015bnia 2019 roku w Warszawie i Bia\u0142owie\u017cy odby\u0142 si\u0119 18. Kongres Europejskich Mykolog\u00f3w. W spotkaniu wzi\u0119\u0142o udzia\u0142 273 uczestnik\u00f3w z 52 kraj\u00f3w z ca\u0142ego \u015bwiata. Podczas Kongresu zaprezentowano 77 referat\u00f3w, 176 poster\u00f3w oraz 8 referat\u00f3w plenarnych, przedstawionych przez wybitne osobowo\u015bci \u015bwiata mykologii.<\/p>\n<p style=\"text-align: center;\"><img loading=\"lazy\" decoding=\"async\" class=\"aligncenter wp-image-3726\" src=\"https:\/\/www.ptmyk.pl\/wp-content\/uploads\/2019\/10\/1.Congress_all-300x171.jpg\" alt=\"\" width=\"349\" height=\"199\" srcset=\"https:\/\/www.ptmyk.pl\/wp-content\/uploads\/2019\/10\/1.Congress_all-300x171.jpg 300w, https:\/\/www.ptmyk.pl\/wp-content\/uploads\/2019\/10\/1.Congress_all-768x438.jpg 768w, https:\/\/www.ptmyk.pl\/wp-content\/uploads\/2019\/10\/1.Congress_all-1024x585.jpg 1024w\" sizes=\"auto, (max-width: 349px) 100vw, 349px\" \/>Uczestnicy Kongresu podczas obrad w Bia\u0142owie\u017cy<\/p>\n<p>Zach\u0119camy do zapoznania si\u0119 ze szczeg\u00f3\u0142owym sprawozdaniem [<a href=\"https:\/\/www.ptmyk.pl\/wp-content\/uploads\/2019\/10\/2_Sprawozdanie_XVIII_CEM.pdf\" target=\"_blank\" rel=\"noopener\">pobierz plik pdf<\/a>].<\/p>\n<p>Materia\u0142y z Kongresu mo\u017cna pobra\u0107 ze strony: <a href=\"https:\/\/www.ptmyk.pl\/?page_id=113\">https:\/\/www.ptmyk.pl\/?page_id=113 <\/a><\/p>\n<p>Galeria zdj\u0119\u0107 z Kongresu [<a href=\"https:\/\/www.ptmyk.pl\/wp-content\/uploads\/2019\/10\/1_Reporta\u017c-fotograficzny_XVIII_CEM.pdf\" target=\"_blank\" rel=\"noopener\">pobierz plik pdf<\/a>].<\/p>\n","protected":false},"excerpt":{"rendered":"<p>W dniach 15 &#8211; 21 wrze\u015bnia 2019 roku w Warszawie i Bia\u0142owie\u017cy odby\u0142 si\u0119 18. Kongres Europejskich Mykolog\u00f3w. W spotkaniu wzi\u0119\u0142o udzia\u0142 273 uczestnik\u00f3w z 52 kraj\u00f3w z ca\u0142ego \u015bwiata. Podczas Kongresu zaprezentowano 77 referat\u00f3w, 176 poster\u00f3w oraz 8 referat\u00f3w &hellip; <a href=\"https:\/\/www.ptmyk.pl\/?p=3724\">Czytaj dalej <span class=\"meta-nav\">&rarr;<\/span><\/a><\/p>\n","protected":false},"author":1,"featured_media":0,"comment_status":"closed","ping_status":"closed","sticky":false,"template":"","format":"standard","meta":{"footnotes":""},"categories":[4],"tags":[],"class_list":["post-3724","post","type-post","status-publish","format-standard","hentry","category-aktualnosci"],"_links":{"self":[{"href":"https:\/\/www.ptmyk.pl\/index.php?rest_route=\/wp\/v2\/posts\/3724","targetHints":{"allow":["GET"]}}],"collection":[{"href":"https:\/\/www.ptmyk.pl\/index.php?rest_route=\/wp\/v2\/posts"}],"about":[{"href":"https:\/\/www.ptmyk.pl\/index.php?rest_route=\/wp\/v2\/types\/post"}],"author":[{"embeddable":true,"href":"https:\/\/www.ptmyk.pl\/index.php?rest_route=\/wp\/v2\/users\/1"}],"replies":[{"embeddable":true,"href":"https:\/\/www.ptmyk.pl\/index.php?rest_route=%2Fwp%2Fv2%2Fcomments&post=3724"}],"version-history":[{"count":6,"href":"https:\/\/www.ptmyk.pl\/index.php?rest_route=\/wp\/v2\/posts\/3724\/revisions"}],"predecessor-version":[{"id":3738,"href":"https:\/\/www.ptmyk.pl\/index.php?rest_route=\/wp\/v2\/posts\/3724\/revisions\/3738"}],"wp:attachment":[{"href":"https:\/\/www.ptmyk.pl\/index.php?rest_route=%2Fwp%2Fv2%2Fmedia&parent=3724"}],"wp:term":[{"taxonomy":"category","embeddable":true,"href":"https:\/\/www.ptmyk.pl\/index.php?rest_route=%2Fwp%2Fv2%2Fcategories&post=3724"},{"taxonomy":"post_tag","embeddable":true,"href":"https:\/\/www.ptmyk.pl\/index.php?rest_route=%2Fwp%2Fv2%2Ftags&post=3724"}],"curies":[{"name":"wp","href":"https:\/\/api.w.org\/{rel}","templated":true}]}}