{"id":3676,"date":"2019-09-02T20:45:00","date_gmt":"2019-09-02T18:45:00","guid":{"rendered":"https:\/\/www.ptmyk.pl\/?p=3676"},"modified":"2019-09-02T22:32:46","modified_gmt":"2019-09-02T20:32:46","slug":"notatka-z-viii-sesji-terenowej-ptmyk","status":"publish","type":"post","link":"https:\/\/www.ptmyk.pl\/?p=3676","title":{"rendered":"Notatka z VIII Sesji Terenowej PTMyk"},"content":{"rendered":"<p style=\"text-align: left;\">W dniach 4-9 sierpnia 2019 roku odby\u0142a si\u0119 VIII sesja terenowa Polskiego Towarzystwa Mykologicznego. Wzi\u0119\u0142o w niej udzia\u0142 14 os\u00f3b, kt\u00f3re dokona\u0142y wst\u0119pnego rozpoznania mykobioty rezerwatu przyrody \u201eLas Warmi\u0144ski im. prof. Benona Polakowskiego\u201d (Pojezierze Olszty\u0144skie). Po oficjalnym zako\u0144czeniu sesji, badania w rezerwacie prowadzi\u0142y jeszcze przez dwa dni \u2013 Panie: Gra\u017cyna Domian, Gra\u017cyna Naser i Barbara Kud\u0142awiec. Pani Gra\u017cyna Domian kontynuowa\u0142a swoje badania a\u017c do 20 sierpnia, poszerzaj\u0105c je dodatkowo o teren drugiego rezerwatu &#8211; &#8222;Ostoja Bobr\u00f3w na rzece Pas\u0142\u0119ce\u201d . Mimo panuj\u0105cej w tym okresie suszy, w rezerwacie &#8222;Las Warmi\u0144ski&#8221; zarejestrowano 810 notowa\u0144 grzyb\u00f3w (oznaczono 249 gatunk\u00f3w), a w rezerwacie &#8222;Ostoja Bobr\u00f3w&#8221; \u2013 208 notowa\u0144 (oznaczono 96 gatunk\u00f3w). Cz\u0119\u015b\u0107 zebranego materia\u0142u b\u0119dzie jeszcze oznaczana. Wszystkim uczestnikom dzi\u0119kujemy za aktywny udzia\u0142, tw\u00f3rcz\u0105 atmosfer\u0119 i zaanga\u017co-wanie. Sk\u0142adamy r\u00f3wnie\u017c serdeczne podzi\u0119kowania pomys\u0142odawcom i gospodarzom tegorocznej sesji \u2013 zespo\u0142owi Pani Profesor Marii Dynowskiej. Szczeg\u00f3lnie ciep\u0142e podzi\u0119kowania kierujemy w stron\u0119 Pana Dariusza Kubiaka, kt\u00f3ry s\u0142u\u017cy\u0142 wszelk\u0105 pomoc\u0105 w czasie naszego pobytu, niemal przez 24 godziny na dob\u0119. Dzi\u0119kujemy RDO\u015a w Olsztynie za zgod\u0119 na badania w rezerwatach, Nadle\u015bnictwom: Olsztyn, Nowe Ramuki, Stare Jab\u0142onki, Kudypy i Jagie\u0142ek za zgod\u0119 na poruszanie si\u0119 samochodami po drogach le\u015bnych i gospodarzo-wi kwatery agroturystycznej CAMPDOR w Dorotowie, Panu Tomaszowi Florkowi, za dobre warunki do pracy i odpoczynku po niej.<\/p>\n<p style=\"text-align: right;\">Anna Kujawa i Barbara Kud\u0142awiec<\/p>\n<p>Poni\u017cej prezentujemy wybrane zdj\u0119cia z pobytu i zach\u0119camy do obejrzenia galerii zdj\u0119\u0107 autorstwa niekt\u00f3rych uczestnik\u00f3w:<\/p>\n<p>zdj\u0119cia pana Piotra Grzesia: <a href=\"https:\/\/www.flickr.com\/photos\/143706538@N02\/albums\/72157710184741167\">https:\/\/www.flickr.com\/photos\/143706538@N02\/albums\/72157710184741167<\/a><\/p>\n<p>zdj\u0119cia pani Gra\u017cyny Domian z rezerwatu &#8222;Las Warmi\u0144ski&#8221;: <a href=\"https:\/\/photos.app.goo.gl\/DS5rEbPjfdJeyDeaA\">https:\/\/photos.app.goo.gl\/DS5rEbPjfdJeyDeaA<\/a><\/p>\n<p>i z rezerwatu &#8222;Ostoja bobr\u00f3w na rzece Pas\u0142\u0119ce&#8221;: <a href=\"https:\/\/photos.app.goo.gl\/otw2dM2aYN3bSWie8\">https:\/\/photos.app.goo.gl\/otw2dM2aYN3bSWie8<\/a><\/p>\n<p>zdj\u0119cia pani Barbary Kud\u0142awiec: <a href=\"https:\/\/photos.app.goo.gl\/uRStE3C8BdT2A1o56\">https:\/\/photos.app.goo.gl\/uRStE3C8BdT2A1o56link<\/a><\/p>\n<p>zdj\u0119cia pani Anny Biedunkiewicz: <a href=\"https:\/\/photos.app.goo.gl\/8UpRVL8qdhDL3t2r5\">https:\/\/photos.app.goo.gl\/8UpRVL8qdhDL3t2r5<\/a><\/p>\n<p>zdj\u0119cia pana Artura Je\u017cewskiego: <a href=\"https:\/\/photos.app.goo.gl\/HHg1dTm8LpZDWh536\">https:\/\/photos.app.goo.gl\/HHg1dTm8LpZDWh536<\/a><\/p>\n<p style=\"text-align: center;\"><a href=\"https:\/\/www.ptmyk.pl\/wp-content\/uploads\/2019\/09\/1.jpg\"><img loading=\"lazy\" decoding=\"async\" class=\"aligncenter size-medium wp-image-3691\" src=\"https:\/\/www.ptmyk.pl\/wp-content\/uploads\/2019\/09\/1-300x225.jpg\" alt=\"\" width=\"300\" height=\"225\" srcset=\"https:\/\/www.ptmyk.pl\/wp-content\/uploads\/2019\/09\/1-300x225.jpg 300w, https:\/\/www.ptmyk.pl\/wp-content\/uploads\/2019\/09\/1-768x576.jpg 768w, https:\/\/www.ptmyk.pl\/wp-content\/uploads\/2019\/09\/1-1024x768.jpg 1024w, https:\/\/www.ptmyk.pl\/wp-content\/uploads\/2019\/09\/1.jpg 1342w\" sizes=\"auto, (max-width: 300px) 100vw, 300px\" \/><\/a>Przed domkiem w Dorotowie (fot. Artur Je\u017cewski)<\/p>\n<p style=\"text-align: center;\"><a href=\"https:\/\/www.ptmyk.pl\/wp-content\/uploads\/2019\/09\/2.jpg\"><img loading=\"lazy\" decoding=\"async\" class=\"aligncenter size-medium wp-image-3690\" src=\"https:\/\/www.ptmyk.pl\/wp-content\/uploads\/2019\/09\/2-300x225.jpg\" alt=\"\" width=\"300\" height=\"225\" srcset=\"https:\/\/www.ptmyk.pl\/wp-content\/uploads\/2019\/09\/2-300x225.jpg 300w, https:\/\/www.ptmyk.pl\/wp-content\/uploads\/2019\/09\/2-768x576.jpg 768w, https:\/\/www.ptmyk.pl\/wp-content\/uploads\/2019\/09\/2-1024x768.jpg 1024w, https:\/\/www.ptmyk.pl\/wp-content\/uploads\/2019\/09\/2.jpg 1349w\" sizes=\"auto, (max-width: 300px) 100vw, 300px\" \/><\/a>W terenie (fot. Dariusz Kubiak)<\/p>\n<p style=\"text-align: center;\"><a href=\"https:\/\/www.ptmyk.pl\/wp-content\/uploads\/2019\/09\/3.jpg\"><img loading=\"lazy\" decoding=\"async\" class=\"aligncenter size-medium wp-image-3689\" src=\"https:\/\/www.ptmyk.pl\/wp-content\/uploads\/2019\/09\/3-300x225.jpg\" alt=\"\" width=\"300\" height=\"225\" srcset=\"https:\/\/www.ptmyk.pl\/wp-content\/uploads\/2019\/09\/3-300x225.jpg 300w, https:\/\/www.ptmyk.pl\/wp-content\/uploads\/2019\/09\/3-768x576.jpg 768w, https:\/\/www.ptmyk.pl\/wp-content\/uploads\/2019\/09\/3-1024x768.jpg 1024w, https:\/\/www.ptmyk.pl\/wp-content\/uploads\/2019\/09\/3.jpg 1169w\" sizes=\"auto, (max-width: 300px) 100vw, 300px\" \/><\/a>W pracowni (fot. Gra\u017cyna Domian)<\/p>\n<p style=\"text-align: center;\"><a href=\"https:\/\/www.ptmyk.pl\/wp-content\/uploads\/2019\/09\/4.jpg\"><img loading=\"lazy\" decoding=\"async\" class=\"aligncenter size-medium wp-image-3688\" src=\"https:\/\/www.ptmyk.pl\/wp-content\/uploads\/2019\/09\/4-300x225.jpg\" alt=\"\" width=\"300\" height=\"225\" srcset=\"https:\/\/www.ptmyk.pl\/wp-content\/uploads\/2019\/09\/4-300x225.jpg 300w, https:\/\/www.ptmyk.pl\/wp-content\/uploads\/2019\/09\/4-768x576.jpg 768w, https:\/\/www.ptmyk.pl\/wp-content\/uploads\/2019\/09\/4-1024x768.jpg 1024w, https:\/\/www.ptmyk.pl\/wp-content\/uploads\/2019\/09\/4.jpg 1386w\" sizes=\"auto, (max-width: 300px) 100vw, 300px\" \/><\/a><i>Hericium coralloides<\/i> (fot. Piotr Grze\u015b)<\/p>\n<p style=\"text-align: center;\"><a href=\"https:\/\/www.ptmyk.pl\/wp-content\/uploads\/2019\/09\/5.jpg\"><img loading=\"lazy\" decoding=\"async\" class=\"aligncenter size-medium wp-image-3687\" src=\"https:\/\/www.ptmyk.pl\/wp-content\/uploads\/2019\/09\/5-300x225.jpg\" alt=\"\" width=\"300\" height=\"225\" srcset=\"https:\/\/www.ptmyk.pl\/wp-content\/uploads\/2019\/09\/5-300x225.jpg 300w, https:\/\/www.ptmyk.pl\/wp-content\/uploads\/2019\/09\/5-768x576.jpg 768w, https:\/\/www.ptmyk.pl\/wp-content\/uploads\/2019\/09\/5-1024x768.jpg 1024w, https:\/\/www.ptmyk.pl\/wp-content\/uploads\/2019\/09\/5.jpg 1386w\" sizes=\"auto, (max-width: 300px) 100vw, 300px\" \/><\/a><i>Ramaria<\/i> sp. (fot. Piotr Grze\u015b)<\/p>\n<p style=\"text-align: center;\"><a href=\"https:\/\/www.ptmyk.pl\/wp-content\/uploads\/2019\/09\/6.jpg\"><img loading=\"lazy\" decoding=\"async\" class=\"aligncenter size-medium wp-image-3686\" src=\"https:\/\/www.ptmyk.pl\/wp-content\/uploads\/2019\/09\/6-300x225.jpg\" alt=\"\" width=\"300\" height=\"225\" srcset=\"https:\/\/www.ptmyk.pl\/wp-content\/uploads\/2019\/09\/6-300x225.jpg 300w, https:\/\/www.ptmyk.pl\/wp-content\/uploads\/2019\/09\/6-768x576.jpg 768w, https:\/\/www.ptmyk.pl\/wp-content\/uploads\/2019\/09\/6-1024x768.jpg 1024w, https:\/\/www.ptmyk.pl\/wp-content\/uploads\/2019\/09\/6.jpg 1169w\" sizes=\"auto, (max-width: 300px) 100vw, 300px\" \/><\/a><i>Cordyceps militaris<\/i> (fot. Gra\u017cyna Domian)<\/p>\n<p style=\"text-align: center;\"><a href=\"https:\/\/www.ptmyk.pl\/wp-content\/uploads\/2019\/09\/7.jpg\"><img loading=\"lazy\" decoding=\"async\" class=\"aligncenter size-medium wp-image-3685\" src=\"https:\/\/www.ptmyk.pl\/wp-content\/uploads\/2019\/09\/7-300x225.jpg\" alt=\"\" width=\"300\" height=\"225\" srcset=\"https:\/\/www.ptmyk.pl\/wp-content\/uploads\/2019\/09\/7-300x225.jpg 300w, https:\/\/www.ptmyk.pl\/wp-content\/uploads\/2019\/09\/7-768x576.jpg 768w, https:\/\/www.ptmyk.pl\/wp-content\/uploads\/2019\/09\/7-1024x768.jpg 1024w, https:\/\/www.ptmyk.pl\/wp-content\/uploads\/2019\/09\/7.jpg 1169w\" sizes=\"auto, (max-width: 300px) 100vw, 300px\" \/><\/a><i>Pseudomerulius aureus<\/i> (fot. Gra\u017cyna Domian)<\/p>\n<p style=\"text-align: center;\"><a href=\"https:\/\/www.ptmyk.pl\/wp-content\/uploads\/2019\/09\/8.jpg\"><img loading=\"lazy\" decoding=\"async\" class=\"aligncenter size-medium wp-image-3684\" src=\"https:\/\/www.ptmyk.pl\/wp-content\/uploads\/2019\/09\/8-300x225.jpg\" alt=\"\" width=\"300\" height=\"225\" srcset=\"https:\/\/www.ptmyk.pl\/wp-content\/uploads\/2019\/09\/8-300x225.jpg 300w, https:\/\/www.ptmyk.pl\/wp-content\/uploads\/2019\/09\/8-768x576.jpg 768w, https:\/\/www.ptmyk.pl\/wp-content\/uploads\/2019\/09\/8-1024x768.jpg 1024w, https:\/\/www.ptmyk.pl\/wp-content\/uploads\/2019\/09\/8.jpg 1600w\" sizes=\"auto, (max-width: 300px) 100vw, 300px\" \/><\/a><i>Mycena viridimarginata<\/i> (fot. Barbara Kud\u0142awiec)<\/p>\n<p style=\"text-align: center;\"><a href=\"https:\/\/www.ptmyk.pl\/wp-content\/uploads\/2019\/09\/9.jpg\"><img loading=\"lazy\" decoding=\"async\" class=\"aligncenter size-medium wp-image-3683\" src=\"https:\/\/www.ptmyk.pl\/wp-content\/uploads\/2019\/09\/9-300x225.jpg\" alt=\"\" width=\"300\" height=\"225\" srcset=\"https:\/\/www.ptmyk.pl\/wp-content\/uploads\/2019\/09\/9-300x225.jpg 300w, https:\/\/www.ptmyk.pl\/wp-content\/uploads\/2019\/09\/9-768x576.jpg 768w, https:\/\/www.ptmyk.pl\/wp-content\/uploads\/2019\/09\/9-1024x768.jpg 1024w, https:\/\/www.ptmyk.pl\/wp-content\/uploads\/2019\/09\/9.jpg 1600w\" sizes=\"auto, (max-width: 300px) 100vw, 300px\" \/><\/a><i>Geastrum fimbriatum<\/i> (fot. Barbara Kud\u0142awiec)<\/p>\n<p style=\"text-align: center;\"><a href=\"https:\/\/www.ptmyk.pl\/wp-content\/uploads\/2019\/09\/10.jpg\"><img loading=\"lazy\" decoding=\"async\" class=\"aligncenter size-medium wp-image-3682\" src=\"https:\/\/www.ptmyk.pl\/wp-content\/uploads\/2019\/09\/10-300x225.jpg\" alt=\"\" width=\"300\" height=\"225\" srcset=\"https:\/\/www.ptmyk.pl\/wp-content\/uploads\/2019\/09\/10-300x225.jpg 300w, https:\/\/www.ptmyk.pl\/wp-content\/uploads\/2019\/09\/10-768x576.jpg 768w, https:\/\/www.ptmyk.pl\/wp-content\/uploads\/2019\/09\/10-1024x768.jpg 1024w, https:\/\/www.ptmyk.pl\/wp-content\/uploads\/2019\/09\/10.jpg 1600w\" sizes=\"auto, (max-width: 300px) 100vw, 300px\" \/><\/a><i>Hydnellum <\/i>sp. (fot. Artur Je\u017cewski)<\/p>\n<p style=\"text-align: center;\"><a href=\"https:\/\/www.ptmyk.pl\/wp-content\/uploads\/2019\/09\/11.jpg\"><img loading=\"lazy\" decoding=\"async\" class=\"aligncenter size-medium wp-image-3681\" src=\"https:\/\/www.ptmyk.pl\/wp-content\/uploads\/2019\/09\/11-300x225.jpg\" alt=\"\" width=\"300\" height=\"225\" srcset=\"https:\/\/www.ptmyk.pl\/wp-content\/uploads\/2019\/09\/11-300x225.jpg 300w, https:\/\/www.ptmyk.pl\/wp-content\/uploads\/2019\/09\/11-768x576.jpg 768w, https:\/\/www.ptmyk.pl\/wp-content\/uploads\/2019\/09\/11-1024x768.jpg 1024w, https:\/\/www.ptmyk.pl\/wp-content\/uploads\/2019\/09\/11.jpg 1600w\" sizes=\"auto, (max-width: 300px) 100vw, 300px\" \/><\/a><i>Ramaria<\/i> sp. (fot. Artur Je\u017cewski)<\/p>\n<p style=\"text-align: center;\"><a href=\"https:\/\/www.ptmyk.pl\/wp-content\/uploads\/2019\/09\/12.jpg\"><img loading=\"lazy\" decoding=\"async\" class=\"aligncenter size-medium wp-image-3680\" src=\"https:\/\/www.ptmyk.pl\/wp-content\/uploads\/2019\/09\/12-225x300.jpg\" alt=\"\" width=\"225\" height=\"300\" srcset=\"https:\/\/www.ptmyk.pl\/wp-content\/uploads\/2019\/09\/12-225x300.jpg 225w, https:\/\/www.ptmyk.pl\/wp-content\/uploads\/2019\/09\/12-768x1024.jpg 768w, https:\/\/www.ptmyk.pl\/wp-content\/uploads\/2019\/09\/12.jpg 832w\" sizes=\"auto, (max-width: 225px) 100vw, 225px\" \/><\/a><i>Amanita phalloides<\/i> (fot. Anna Biedunkiewicz)<\/p>\n<p style=\"text-align: center;\"><a href=\"https:\/\/www.ptmyk.pl\/wp-content\/uploads\/2019\/09\/13.jpg\"><img loading=\"lazy\" decoding=\"async\" class=\"aligncenter size-medium wp-image-3679\" src=\"https:\/\/www.ptmyk.pl\/wp-content\/uploads\/2019\/09\/13-225x300.jpg\" alt=\"\" width=\"225\" height=\"300\" srcset=\"https:\/\/www.ptmyk.pl\/wp-content\/uploads\/2019\/09\/13-225x300.jpg 225w, https:\/\/www.ptmyk.pl\/wp-content\/uploads\/2019\/09\/13.jpg 720w\" sizes=\"auto, (max-width: 225px) 100vw, 225px\" \/><\/a><i>Craterellus cornucopioides<\/i> (fot. Anna Biedunkiewicz)<\/p>\n<p>&nbsp;<\/p>\n<p>&nbsp;<\/p>\n","protected":false},"excerpt":{"rendered":"<p>W dniach 4-9 sierpnia 2019 roku odby\u0142a si\u0119 VIII sesja terenowa Polskiego Towarzystwa Mykologicznego. Wzi\u0119\u0142o w niej udzia\u0142 14 os\u00f3b, kt\u00f3re dokona\u0142y wst\u0119pnego rozpoznania mykobioty rezerwatu przyrody \u201eLas Warmi\u0144ski im. prof. Benona Polakowskiego\u201d (Pojezierze Olszty\u0144skie). Po oficjalnym zako\u0144czeniu sesji, badania &hellip; <a href=\"https:\/\/www.ptmyk.pl\/?p=3676\">Czytaj dalej <span class=\"meta-nav\">&rarr;<\/span><\/a><\/p>\n","protected":false},"author":1,"featured_media":0,"comment_status":"closed","ping_status":"closed","sticky":false,"template":"","format":"standard","meta":{"footnotes":""},"categories":[4,10],"tags":[],"class_list":["post-3676","post","type-post","status-publish","format-standard","hentry","category-aktualnosci","category-sekcja-roznorodnosc-i-ochrona-grzybow"],"_links":{"self":[{"href":"https:\/\/www.ptmyk.pl\/index.php?rest_route=\/wp\/v2\/posts\/3676","targetHints":{"allow":["GET"]}}],"collection":[{"href":"https:\/\/www.ptmyk.pl\/index.php?rest_route=\/wp\/v2\/posts"}],"about":[{"href":"https:\/\/www.ptmyk.pl\/index.php?rest_route=\/wp\/v2\/types\/post"}],"author":[{"embeddable":true,"href":"https:\/\/www.ptmyk.pl\/index.php?rest_route=\/wp\/v2\/users\/1"}],"replies":[{"embeddable":true,"href":"https:\/\/www.ptmyk.pl\/index.php?rest_route=%2Fwp%2Fv2%2Fcomments&post=3676"}],"version-history":[{"count":3,"href":"https:\/\/www.ptmyk.pl\/index.php?rest_route=\/wp\/v2\/posts\/3676\/revisions"}],"predecessor-version":[{"id":3692,"href":"https:\/\/www.ptmyk.pl\/index.php?rest_route=\/wp\/v2\/posts\/3676\/revisions\/3692"}],"wp:attachment":[{"href":"https:\/\/www.ptmyk.pl\/index.php?rest_route=%2Fwp%2Fv2%2Fmedia&parent=3676"}],"wp:term":[{"taxonomy":"category","embeddable":true,"href":"https:\/\/www.ptmyk.pl\/index.php?rest_route=%2Fwp%2Fv2%2Fcategories&post=3676"},{"taxonomy":"post_tag","embeddable":true,"href":"https:\/\/www.ptmyk.pl\/index.php?rest_route=%2Fwp%2Fv2%2Ftags&post=3676"}],"curies":[{"name":"wp","href":"https:\/\/api.w.org\/{rel}","templated":true}]}}