{"id":3606,"date":"2019-02-20T20:09:13","date_gmt":"2019-02-20T19:09:13","guid":{"rendered":"https:\/\/www.ptmyk.pl\/?p=3606"},"modified":"2019-02-20T20:09:13","modified_gmt":"2019-02-20T19:09:13","slug":"sesja-terenowa-ptmyk-w-rezerwacie-las-warminski-im-prof-benona-polakowskiego","status":"publish","type":"post","link":"https:\/\/www.ptmyk.pl\/?p=3606","title":{"rendered":"sesja terenowa PTMyk w rezerwacie Las Warmi\u0144ski im. prof. Benona Polakowskiego"},"content":{"rendered":"<p>Zapraszamy do udzia\u0142u w dorocznej sesji terenowej PTMyk, kt\u00f3ra w tym roku odb\u0119dzie si\u0119 w dniach <span style=\"font-size: medium;\">4-9 sierpnia,\u00a0w rezerwacie Las Warmi\u0144ski im. prof. Benona Polakowskiego. Wi\u0119cej informacji znajduje si\u0119 w za\u0142\u0105czonym komunikacie [<a href=\"https:\/\/www.ptmyk.pl\/wp-content\/uploads\/2019\/02\/komunikat1.docx\" target=\"_blank\" rel=\"noopener\">pobierz plik docx<\/a>].<br \/>\n<\/span><\/p>\n","protected":false},"excerpt":{"rendered":"<p>Zapraszamy do udzia\u0142u w dorocznej sesji terenowej PTMyk, kt\u00f3ra w tym roku odb\u0119dzie si\u0119 w dniach 4-9 sierpnia,\u00a0w rezerwacie Las Warmi\u0144ski im. prof. Benona Polakowskiego. Wi\u0119cej informacji znajduje si\u0119 w za\u0142\u0105czonym komunikacie [pobierz plik docx].<\/p>\n","protected":false},"author":1,"featured_media":0,"comment_status":"closed","ping_status":"closed","sticky":false,"template":"","format":"standard","meta":{"footnotes":""},"categories":[4,10],"tags":[],"class_list":["post-3606","post","type-post","status-publish","format-standard","hentry","category-aktualnosci","category-sekcja-roznorodnosc-i-ochrona-grzybow"],"_links":{"self":[{"href":"https:\/\/www.ptmyk.pl\/index.php?rest_route=\/wp\/v2\/posts\/3606","targetHints":{"allow":["GET"]}}],"collection":[{"href":"https:\/\/www.ptmyk.pl\/index.php?rest_route=\/wp\/v2\/posts"}],"about":[{"href":"https:\/\/www.ptmyk.pl\/index.php?rest_route=\/wp\/v2\/types\/post"}],"author":[{"embeddable":true,"href":"https:\/\/www.ptmyk.pl\/index.php?rest_route=\/wp\/v2\/users\/1"}],"replies":[{"embeddable":true,"href":"https:\/\/www.ptmyk.pl\/index.php?rest_route=%2Fwp%2Fv2%2Fcomments&post=3606"}],"version-history":[{"count":1,"href":"https:\/\/www.ptmyk.pl\/index.php?rest_route=\/wp\/v2\/posts\/3606\/revisions"}],"predecessor-version":[{"id":3608,"href":"https:\/\/www.ptmyk.pl\/index.php?rest_route=\/wp\/v2\/posts\/3606\/revisions\/3608"}],"wp:attachment":[{"href":"https:\/\/www.ptmyk.pl\/index.php?rest_route=%2Fwp%2Fv2%2Fmedia&parent=3606"}],"wp:term":[{"taxonomy":"category","embeddable":true,"href":"https:\/\/www.ptmyk.pl\/index.php?rest_route=%2Fwp%2Fv2%2Fcategories&post=3606"},{"taxonomy":"post_tag","embeddable":true,"href":"https:\/\/www.ptmyk.pl\/index.php?rest_route=%2Fwp%2Fv2%2Ftags&post=3606"}],"curies":[{"name":"wp","href":"https:\/\/api.w.org\/{rel}","templated":true}]}}